{"id":457694,"date":"2023-07-10T10:34:10","date_gmt":"2023-07-10T08:34:10","guid":{"rendered":"https:\/\/wnature.org\/es\/?p=457694"},"modified":"2024-05-27T18:39:46","modified_gmt":"2024-05-27T16:39:46","slug":"protegemos-ambientes-humedos-en-los-pirineos","status":"publish","type":"post","link":"https:\/\/wnature.org\/es\/magazine\/noticias-naturaleza\/protegemos-ambientes-humedos-en-los-pirineos\/","title":{"rendered":"Protegemos ambientes h\u00famedos en los Pirineos"},"content":{"rendered":"<h1 class=\"wp-block-heading\">{post_title}<\/h1>\n\n<p>Gracias a la colaboraci\u00f3n de HOLA LUZ, que nos ha permitido disponer de unos recursos a partir de la venta de su Calendario de la Tierra 2023 (lo pod\u00e9is obtener aqu\u00ed) hemos podido realizar diferentes acciones en algunos Parques Naturales de nuestra casa . En concreto esta acci\u00f3n se enmarca en un proyecto de conservaci\u00f3n de estos h\u00e1bitats singulares de turberas de monta\u00f1a del Parque Natural del Alt Pirineu.<\/p><p>Nuestra aportaci\u00f3n ha sido la del material necesario del cierre perimetral de la mollera del estanque de Pudo para los ungulados, tanto dom\u00e9sticos como salvajes y as\u00ed evitar que su pisoteo constante, durante el verano, estropee la singular flora y fauna de estos h\u00e1bitats. Algunas de las especies que viven all\u00ed est\u00e1n en peligro de extinci\u00f3n. Por eso la actuaci\u00f3n era muy necesaria y urgente.<\/p>\n\n<figure class=\"wp-block-image size-full\"><img decoding=\"async\" src=\"https:\/\/wnature.org\/es\/wp-content\/uploads\/F0P3sCnX0AE9PqX.jpeg\" alt class=\"wp-image-454821\"><\/figure>\n\n<figure class=\"wp-block-image size-full\"><img decoding=\"async\" src=\"https:\/\/wnature.org\/es\/wp-content\/uploads\/Libel\u00b7lula-Carablanc-Petit-Leucorrhina-dubia-PN-Alt-Pirineu.jpeg\" alt class=\"wp-image-454820\"><\/figure>\n\n<div class=\"wp-block-buttons is-layout-flex wp-block-buttons-is-layout-flex\"><div class=\"wp-block-button\"><a class=\"wp-block-button__link\">HAZTE MIEMBRO<\/a><\/div><\/div>\n\n<figure class=\"wp-block-image size-full\"><a><img loading=\"lazy\" decoding=\"async\" width=\"660\" height=\"380\" src=\"https:\/\/wnature.org\/es\/wp-content\/uploads\/Mans-persones-comunitat-WN.png\" alt class=\"wp-image-446271\"><\/a><\/figure>\n\n<!-- wp:Array \/-->\n\n<h2 class=\"wp-block-heading\">La conservaci\u00f3n de estos microh\u00e1bitats es extremadamente importante, porque acogen una flora y fauna de espacios h\u00famedos de alta monta\u00f1a \u00fanicos en los Pirineos<\/h2>\n\n<figure class=\"wp-block-image size-full\"><img loading=\"lazy\" decoding=\"async\" width=\"510\" height=\"680\" src=\"https:\/\/wnature.org\/es\/wp-content\/uploads\/Estany-Mollera-de-Pudo-PN-Alt-Pirineu.jpeg\" alt class=\"wp-image-454817\"><\/figure>\n\n<h2 class=\"wp-block-heading\">Las lib\u00e9lulas uno de los grupos faun\u00edsticos m\u00e1s amenazados que viven en las Molleres Pirenaicas<\/h2>\n\n<p>Las lib\u00e9lulas, dentro del pelot\u00f3n de los odonados, son especies muy sensibles a la destrucci\u00f3n de sus h\u00e1bitats, a menudo peque\u00f1os y muy vulnerables.<\/p><p>En este caso, han sido dos especies de lib\u00e9lulas catalogadas en peligro de extinci\u00f3n, por el cat\u00e1logo de fauna amenazada de la Generalitat de Catalu\u00f1a, las que han sido favorecidas por la acci\u00f3n llevada a cabo.<\/p><p>El Carablanc petit <em>(Leucorrhinia dubia)<\/em> es una peque\u00f1a, pero espectacular lib\u00e9lula, que en el sur de Europa s\u00f3lo vive en los Alpes y en los Pirineos y, en este macizo, s\u00f3lo la encontraremos el Parque Natural del Alt Pirineu, en el Aran y en Benasque en Arag\u00f3n. Sin embargo, vive estrictamente en zonas h\u00famedas como lagos y estanques y, especialmente, en aguas someras, con vegetaci\u00f3n lacustre.<\/p>","protected":false},"excerpt":{"rendered":"<p>{post_title} Gracias a la colaboraci\u00f3n de HOLA LUZ, que nos ha permitido disponer de unos recursos a partir de la venta de su Calendario de la Tierra 2023 (lo pod\u00e9is obtener aqu\u00ed) hemos podido realizar diferentes acciones en algunos Parques Naturales de nuestra casa . En concreto esta acci\u00f3n se enmarca en un proyecto de [&hellip;]<\/p>\n","protected":false},"author":2,"featured_media":454817,"comment_status":"closed","ping_status":"closed","sticky":false,"template":"","format":"standard","meta":{"_seopress_robots_primary_cat":"","_seopress_titles_title":"","_seopress_titles_desc":"","_seopress_robots_index":"","footnotes":""},"categories":[1],"tags":[],"class_list":["post-457694","post","type-post","status-publish","format-standard","has-post-thumbnail","hentry","category-noticias-naturaleza"],"_links":{"self":[{"href":"https:\/\/wnature.org\/es\/wp-json\/wp\/v2\/posts\/457694","targetHints":{"allow":["GET"]}}],"collection":[{"href":"https:\/\/wnature.org\/es\/wp-json\/wp\/v2\/posts"}],"about":[{"href":"https:\/\/wnature.org\/es\/wp-json\/wp\/v2\/types\/post"}],"author":[{"embeddable":true,"href":"https:\/\/wnature.org\/es\/wp-json\/wp\/v2\/users\/2"}],"replies":[{"embeddable":true,"href":"https:\/\/wnature.org\/es\/wp-json\/wp\/v2\/comments?post=457694"}],"version-history":[{"count":0,"href":"https:\/\/wnature.org\/es\/wp-json\/wp\/v2\/posts\/457694\/revisions"}],"wp:featuredmedia":[{"embeddable":true,"href":"https:\/\/wnature.org\/es\/wp-json\/wp\/v2\/media\/454817"}],"wp:attachment":[{"href":"https:\/\/wnature.org\/es\/wp-json\/wp\/v2\/media?parent=457694"}],"wp:term":[{"taxonomy":"category","embeddable":true,"href":"https:\/\/wnature.org\/es\/wp-json\/wp\/v2\/categories?post=457694"},{"taxonomy":"post_tag","embeddable":true,"href":"https:\/\/wnature.org\/es\/wp-json\/wp\/v2\/tags?post=457694"}],"curies":[{"name":"wp","href":"https:\/\/api.w.org\/{rel}","templated":true}]}}