{"id":471919,"date":"2026-02-24T09:38:40","date_gmt":"2026-02-24T08:38:40","guid":{"rendered":"https:\/\/wnature.org\/ca\/?p=471919"},"modified":"2026-02-25T18:46:55","modified_gmt":"2026-02-25T17:46:55","slug":"10-anys-renaturalitzant-les-vinyes-de-pinord","status":"publish","type":"post","link":"https:\/\/wnature.org\/ca\/magazine\/noticies-natura\/10-anys-renaturalitzant-les-vinyes-de-pinord\/","title":{"rendered":"10 anys renaturalitzant les vinyes de Pinord"},"content":{"rendered":"<h1 class=\"has-text-align-center wp-block-heading\">10 anys renaturalitzant<br>les vinyes de Pinord<\/h1>\n\n<h2 class=\"has-text-align-center wp-block-heading\">Les Bodegues Pinord han estat pioneres en l&#8217;agricultura ecol\u00f2gica i biodin\u00e0mica al nostre pa\u00eds.<\/h2>\n\n<h3 class=\"has-text-align-center wp-block-heading\">Al novembre de 2015 varen contactar amb la Fundaci\u00f3 World Nature per a un projecte extraordinari que hem sabut mantenir durant 10 llargs anys i, esperem, que en siguin molts m\u00e9s. Celebrem aquesta fita per totes les accions que hem dut a terme a les seves vinyes i instal\u00b7lacions per afavorir la natura i la seva biodiversitat.<\/h3>\n\n<figure class=\"wp-block-image size-full\"><img loading=\"lazy\" decoding=\"async\" width=\"696\" height=\"810\" src=\"https:\/\/wnature.org\/ca\/wp-content\/uploads\/2026\/02\/home_mans_biodinamica.jpg\" class=\"wp-image-472019\" srcset=\"https:\/\/wnature.org\/ca\/wp-content\/uploads\/2026\/02\/home_mans_biodinamica.jpg 696w, https:\/\/wnature.org\/ca\/wp-content\/uploads\/2026\/02\/home_mans_biodinamica-258x300.jpg 258w\" sizes=\"auto, (max-width: 696px) 100vw, 696px\" \/><\/figure>\n\n<h3 class=\"has-text-align-left wp-block-heading\">Pinord, 150 anys de tradici\u00f3 vitivin\u00edcola al Pened\u00e8s<\/h3>\n\n<!-- wp:Array \/-->\n\n<figure class=\"wp-block-image size-full\"><img loading=\"lazy\" decoding=\"async\" width=\"2100\" height=\"1575\" src=\"https:\/\/wnature.org\/ca\/wp-content\/uploads\/2026\/02\/Vinyes-Pinord-mas-Blanc-Priorat-World-Nature.webp\" class=\"wp-image-471967\" srcset=\"https:\/\/wnature.org\/ca\/wp-content\/uploads\/2026\/02\/Vinyes-Pinord-mas-Blanc-Priorat-World-Nature.webp 2100w, https:\/\/wnature.org\/ca\/wp-content\/uploads\/2026\/02\/Vinyes-Pinord-mas-Blanc-Priorat-World-Nature-300x225.webp 300w, https:\/\/wnature.org\/ca\/wp-content\/uploads\/2026\/02\/Vinyes-Pinord-mas-Blanc-Priorat-World-Nature-1024x768.webp 1024w, https:\/\/wnature.org\/ca\/wp-content\/uploads\/2026\/02\/Vinyes-Pinord-mas-Blanc-Priorat-World-Nature-768x576.webp 768w, https:\/\/wnature.org\/ca\/wp-content\/uploads\/2026\/02\/Vinyes-Pinord-mas-Blanc-Priorat-World-Nature-1536x1152.webp 1536w, https:\/\/wnature.org\/ca\/wp-content\/uploads\/2026\/02\/Vinyes-Pinord-mas-Blanc-Priorat-World-Nature-2048x1536.webp 2048w\" sizes=\"auto, (max-width: 2100px) 100vw, 2100px\" \/><\/figure>\n\n<p>La preservaci\u00f3 de diferents zones d&#8217;herbassar i flors silvestres entre les vinyes s\u00f3n una de les accions de renaturalitzaci\u00f3 que ens ajuden a crear refugis per a diferents esp\u00e8cies tant d&#8217;insectes pol\u00b7linitzadors: papallones, abelles i abellots entre altres, com per a petits mam\u00edfers com l&#8217;Eri\u00e7\u00f3, ocells i r\u00e8ptils que hi viuen.<\/p>\n\n<p>Per poder fer front a un conjunt d&#8217;accions per a la renaturalitzaci\u00f3 de les vinyes i espasi natrals de Pinord, World nature va elaborar un &#8220;Pla de Conservaci\u00f3 de la Biodiversitat&#8221;.<\/p>\n<p>En ell es detallava quins eren els h\u00e0bitats naturals presents a les finques i quines mesures de restauraci\u00f3 i\/o conservaci\u00f3 calia dur a terme. Accions que hem anat desenvoluant al llarg d&#8217;aquests anys.<\/p>\n\n<figure class=\"wp-block-image size-large\"><img loading=\"lazy\" decoding=\"async\" width=\"848\" height=\"1024\" src=\"https:\/\/wnature.org\/ca\/wp-content\/uploads\/2026\/02\/Pinord-Nox-World-Nature-JBCunillera-08-848x1024.webp\" class=\"wp-image-471964\" srcset=\"https:\/\/wnature.org\/ca\/wp-content\/uploads\/2026\/02\/Pinord-Nox-World-Nature-JBCunillera-08-848x1024.webp 848w, https:\/\/wnature.org\/ca\/wp-content\/uploads\/2026\/02\/Pinord-Nox-World-Nature-JBCunillera-08-249x300.webp 249w, https:\/\/wnature.org\/ca\/wp-content\/uploads\/2026\/02\/Pinord-Nox-World-Nature-JBCunillera-08-768x927.webp 768w, https:\/\/wnature.org\/ca\/wp-content\/uploads\/2026\/02\/Pinord-Nox-World-Nature-JBCunillera-08.webp 994w\" sizes=\"auto, (max-width: 848px) 100vw, 848px\" \/><\/figure>\n\n<p>La fam\u00edlia Tetas \u00e9s una de les nissagues amb m\u00e9s arrelament i traject\u00f2ria del Pened\u00e8s en l\u2019elaboraci\u00f3 de vins i caves. Amb m\u00e9s de 150 anys de tradici\u00f3 vitivin\u00edcola a la comarca, han sabut combinar l\u2019her\u00e8ncia i el respecte per la terra amb una clara voluntat innovadora. Al llarg del temps han estat pioners en fites rellevants, com l\u2019elaboraci\u00f3 del primer vi d\u2019agulla del pa\u00eds i l\u2019aposta decidida per una viticultura ecol\u00f2gica i biodin\u00e0mica, molt abans que aquestes pr\u00e0ctiques fossin habituals al nostre territori.<\/p>\n\n<h3 class=\"has-text-align-left wp-block-heading\">Una alian\u00e7a per la Natura: Pinord i World Nature.<\/h3>\n\n<h3 class=\"has-text-align-left wp-block-heading\">NOX, el primer vi de Pinord per a protegir els Mussols.<\/h3>\n\n<p>Mai fins ara a World Nature hav\u00edem participat d&#8217;una experi\u00e8ncia de producte amb causa. Va ser el naixement del NOX, la primera i satisfact\u00f2ria experi\u00e8ncia que vam fer per iniciativa de Pinord.<\/p>\n\n<h3 class=\"has-text-align-left wp-block-heading\">Petites accions per a grans repetes de conservaci\u00f3 d&#8217;esp\u00e8cies.<\/h3>\n\n<p>Durant aquests 10 anys hem fet diferents accions per a protegir i conservar esp\u00e8cies de la fauna i flora local a les vinyes i espais naturals de Pinord.<\/p>\n\n<figure class=\"wp-block-image size-large\"><img loading=\"lazy\" decoding=\"async\" width=\"1024\" height=\"737\" src=\"https:\/\/wnature.org\/ca\/wp-content\/uploads\/2025\/12\/Erico-clar-Ateleryx-algirus-Bodegues-Pinord--1024x737.jpg\" class=\"wp-image-471093\" srcset=\"https:\/\/wnature.org\/ca\/wp-content\/uploads\/2025\/12\/Erico-clar-Ateleryx-algirus-Bodegues-Pinord--1024x737.jpg 1024w, https:\/\/wnature.org\/ca\/wp-content\/uploads\/2025\/12\/Erico-clar-Ateleryx-algirus-Bodegues-Pinord--300x216.jpg 300w, https:\/\/wnature.org\/ca\/wp-content\/uploads\/2025\/12\/Erico-clar-Ateleryx-algirus-Bodegues-Pinord--768x553.jpg 768w, https:\/\/wnature.org\/ca\/wp-content\/uploads\/2025\/12\/Erico-clar-Ateleryx-algirus-Bodegues-Pinord-.jpg 1300w\" sizes=\"auto, (max-width: 1024px) 100vw, 1024px\" \/><\/figure>\n\n<figure class=\"wp-block-image size-full\"><img loading=\"lazy\" decoding=\"async\" width=\"1000\" height=\"817\" src=\"https:\/\/wnature.org\/ca\/wp-content\/uploads\/2026\/02\/mireia-tetas-responsable-de-pinord-5d8b0cf5b60b2.png\" class=\"wp-image-472048\" srcset=\"https:\/\/wnature.org\/ca\/wp-content\/uploads\/2026\/02\/mireia-tetas-responsable-de-pinord-5d8b0cf5b60b2.png 1000w, https:\/\/wnature.org\/ca\/wp-content\/uploads\/2026\/02\/mireia-tetas-responsable-de-pinord-5d8b0cf5b60b2-300x245.png 300w, https:\/\/wnature.org\/ca\/wp-content\/uploads\/2026\/02\/mireia-tetas-responsable-de-pinord-5d8b0cf5b60b2-768x627.png 768w\" sizes=\"auto, (max-width: 1000px) 100vw, 1000px\" \/><\/figure>\n\n<p><em>Mireia Tetas, 4a generaci\u00f3 i gerent de Bodegues Pinord.<\/em><\/p>\n\n<h3 class=\"has-text-align-left wp-block-heading\">Ratpenats, uns grans aliats per a la vinya.<\/h3>\n\n<p>Els ratpenats han estat sempre animalons bastant desconeguts i, de vegades, mal entesos. per\u00f2 s\u00f3n, sens dubte, unes esp\u00e8cies molt necess\u00e0ries i que contribueixen al nostre benestar de diferents maneres.<\/p>\n<p>A Pinord, els Ratpenats ens ajuden a combatre algunes esp\u00e8cies plaga, com la papallona nocturna (arna) <em>Lobesia botrana<\/em>, que posa els seus ous al ra\u00efm i malmeten la collita. Els Ratpenats son uns experts en alimentar-se d&#8217;aquestes papallones nocturnes i fan una pressi\u00f3 sobre les poblacions d&#8217;aquesta minimitzant en una proporci\u00f3 molt important els seus efectes. A m\u00e9s Ratpenats, menys plagues!<\/p>\n\n<figure class=\"wp-block-image size-large\"><img loading=\"lazy\" decoding=\"async\" width=\"1024\" height=\"737\" src=\"https:\/\/wnature.org\/ca\/wp-content\/uploads\/2025\/12\/Refugis-Rat-penats-Bodegues-Pinord-1024x737.jpg\" class=\"wp-image-471095\" srcset=\"https:\/\/wnature.org\/ca\/wp-content\/uploads\/2025\/12\/Refugis-Rat-penats-Bodegues-Pinord-1024x737.jpg 1024w, https:\/\/wnature.org\/ca\/wp-content\/uploads\/2025\/12\/Refugis-Rat-penats-Bodegues-Pinord-300x216.jpg 300w, https:\/\/wnature.org\/ca\/wp-content\/uploads\/2025\/12\/Refugis-Rat-penats-Bodegues-Pinord-768x553.jpg 768w, https:\/\/wnature.org\/ca\/wp-content\/uploads\/2025\/12\/Refugis-Rat-penats-Bodegues-Pinord.jpg 1300w\" sizes=\"auto, (max-width: 1024px) 100vw, 1024px\" \/><\/figure>\n\n<p>Hem instal\u00b7lat en diferents espais de Pinord caixes-refugi per a ratpenats, tant per a la seva reproducci\u00f3 com per a refugi d&#8217;hivern, donant-los una oportunitat per viure entre les vinyes i afavorint la seva pres\u00e8ncia per a l&#8217;equilibri ecol\u00f2gic que en moltes zones s&#8217;ha perdut. La majoria d&#8217;esp\u00e8cies de ratpenats de Catalunya, m\u00e9s de 30, estan en perill d&#8217;extinci\u00f3.<\/p>\n\n<figure class=\"wp-block-image size-full\"><img loading=\"lazy\" decoding=\"async\" width=\"760\" height=\"507\" src=\"https:\/\/wnature.org\/ca\/wp-content\/uploads\/2026\/02\/pinord-9.jpg\" class=\"wp-image-472081\" srcset=\"https:\/\/wnature.org\/ca\/wp-content\/uploads\/2026\/02\/pinord-9.jpg 760w, https:\/\/wnature.org\/ca\/wp-content\/uploads\/2026\/02\/pinord-9-300x200.jpg 300w\" sizes=\"auto, (max-width: 760px) 100vw, 760px\" \/><\/figure>\n\n<h3 class=\"has-text-align-left wp-block-heading\">Un &#8220;Pla Estrat\u00e8gic&#8221; per a les accions de renaturalitzaci\u00f3.<\/h3>\n\n<p>Despr\u00e9s d\u2019un proc\u00e9s de cerca per trobar una organitzaci\u00f3 alineada amb els seus valors i amb experi\u00e8ncia en actuacions t\u00e8cniques sobre el terreny, el novembre de 2015 van establir contacte amb <span class=\"hover:entity-accent entity-underline inline cursor-pointer align-baseline\"><span class=\"whitespace-normal\">World Nature<\/span><\/span>. Aquesta col\u00b7laboraci\u00f3 va n\u00e9ixer amb la voluntat de treballar conjuntament per refor\u00e7ar el comprom\u00eds ambiental del celler i contribuir activament a la conservaci\u00f3 de la biodiversitat al Pened\u00e8s.<\/p>\n\n<p>Tetx en primera persona&#8230;<\/p>\n\n<p>Aquesta iniciativa ens permetia anar m\u00e9s enll\u00e0 i posar al&#8221;mercat&#8221; un missatge d&#8217;esperan\u00e7a cap a la conservaci\u00f3 d&#8217;aquests ocells, tan importants als nostres ecosistemes i, alhora, tant importants per l&#8217;agricultura i el control de rosegadors i inveetebrats, doncs el petit Xot <em>(Otus scops)<\/em> tamb\u00e9 \u00e9s un gran aliat en el consum d&#8217;arnes (papallones nocturnes) com la <em>Lobesia botrana.<\/em><\/p>\n<p>El NOX va etiquetat amb un text que explica la import\u00e0ncia de conservar aquestes esp\u00e8cies i ho fa d&#8217;un vi jove biodin\u00e0mic veremant a la nit.<\/p>\n\n<div class=\"wp-block-buttons is-layout-flex wp-block-buttons-is-layout-flex\"><div class=\"wp-block-button\"><a class=\"wp-block-button__link\">M\u00e9s informaci\u00f3 sobre el NOX aqu\u00ed<\/a><\/div><\/div>","protected":false},"excerpt":{"rendered":"<p>10 anys renaturalitzantles vinyes de Pinord Les Bodegues Pinord han estat pioneres en l&#8217;agricultura ecol\u00f2gica i biodin\u00e0mica al nostre pa\u00eds. Al novembre de 2015 varen contactar amb la Fundaci\u00f3 World Nature per a un projecte extraordinari que hem sabut mantenir durant 10 llargs anys i, esperem, que en siguin molts m\u00e9s. Celebrem aquesta fita per [&hellip;]<\/p>\n","protected":false},"author":2,"featured_media":471967,"comment_status":"open","ping_status":"open","sticky":false,"template":"","format":"standard","meta":{"_seopress_robots_primary_cat":"none","_seopress_titles_title":"","_seopress_titles_desc":"","_seopress_robots_index":"","footnotes":""},"categories":[1],"tags":[],"class_list":["post-471919","post","type-post","status-publish","format-standard","has-post-thumbnail","hentry","category-noticies-natura"],"_links":{"self":[{"href":"https:\/\/wnature.org\/ca\/wp-json\/wp\/v2\/posts\/471919","targetHints":{"allow":["GET"]}}],"collection":[{"href":"https:\/\/wnature.org\/ca\/wp-json\/wp\/v2\/posts"}],"about":[{"href":"https:\/\/wnature.org\/ca\/wp-json\/wp\/v2\/types\/post"}],"author":[{"embeddable":true,"href":"https:\/\/wnature.org\/ca\/wp-json\/wp\/v2\/users\/2"}],"replies":[{"embeddable":true,"href":"https:\/\/wnature.org\/ca\/wp-json\/wp\/v2\/comments?post=471919"}],"version-history":[{"count":0,"href":"https:\/\/wnature.org\/ca\/wp-json\/wp\/v2\/posts\/471919\/revisions"}],"wp:featuredmedia":[{"embeddable":true,"href":"https:\/\/wnature.org\/ca\/wp-json\/wp\/v2\/media\/471967"}],"wp:attachment":[{"href":"https:\/\/wnature.org\/ca\/wp-json\/wp\/v2\/media?parent=471919"}],"wp:term":[{"taxonomy":"category","embeddable":true,"href":"https:\/\/wnature.org\/ca\/wp-json\/wp\/v2\/categories?post=471919"},{"taxonomy":"post_tag","embeddable":true,"href":"https:\/\/wnature.org\/ca\/wp-json\/wp\/v2\/tags?post=471919"}],"curies":[{"name":"wp","href":"https:\/\/api.w.org\/{rel}","templated":true}]}}