{"id":453705,"date":"2023-03-16T12:02:42","date_gmt":"2023-03-16T11:02:42","guid":{"rendered":"https:\/\/wnature.org\/ca\/?p=453705"},"modified":"2024-02-04T16:19:16","modified_gmt":"2024-02-04T16:19:16","slug":"el-riu-vjosa-parc-nacional","status":"publish","type":"post","link":"https:\/\/wnature.org\/ca\/magazine\/noticies-natura\/el-riu-vjosa-parc-nacional\/","title":{"rendered":"El Riu VJOSA a Alb\u00e0nia primer Parc Nacional fluvial d&#8217;europa."},"content":{"rendered":"\n<p><p><span>El riu Vjosa d&#8217;Alb\u00e0nia acaba de ser declarat el primer parc nacional fluvial salvatge d&#8217;Europa.<\/span><\/p><p><span>\u00c9s un dels \u00faltims rius salvatges de fluix lliure que queden al continent.&nbsp;Fluint des de la serralada de Pindus a Gr\u00e8cia fins al mar Adri\u00e0tic a Alb\u00e0nia, el Vjosa abasta 300 quil\u00f2metres plens de desert verge i est\u00e0 completament lliure de barreres artificials com les preses hidroel\u00e8ctriques.<\/span><\/p><p><span>Aquests rius i rierols acullen m\u00e9s de 1.100 esp\u00e8cies de vida salvatge, incloent 13 animals i dues plantes avaluades com a amena\u00e7ades globalment per la UICN.&nbsp;<\/span><\/p><p><span>&#8220;Vjosa \u00e9s un s\u00edmbol de la hist\u00f2ria humana i tamb\u00e9 una part molt important de la hist\u00f2ria del nostre pa\u00eds&#8221;, diu Mirela Kumbaro Furxhi, ministra de Turisme i Medi Ambient d&#8217;Alb\u00e0nia.<\/span><\/p><\/p>\n\n\n\n<p><p>El govern alban\u00e8s ha creat un parc nacional de 12.727 hect\u00e0rees que inclou el Vjosa de 190 quil\u00f2metres de llarg, on m\u00e9s de 60.000 persones han viscut durant segles, afegeix Kumbaro Furxhi.&nbsp;<\/p>\n<p>Significa que la via fluvial es conservar\u00e0 com un riu viu i de flu\u00e8ncia lliure, en benefici de les persones i de la natura.<\/p>\n<h2>Una &#8216;col\u00b7laboraci\u00f3 \u00fanica&#8217; per salvar el riu Vjosa<\/h2>\n<p>L\u00e8mpresa Patag\u00f2nia de roba esportiva i de muntanya, la UICN i les ONG <a href=\"https:\/\/www.euronews.com\/green\/2020\/09\/26\/what-is-the-blue-heart-of-europe-and-why-does-it-need-saving\" target=\"_blank\" rel=\"noopener\"><strong>de la campanya Save the Blue Heart of Europe<\/strong><\/a>&nbsp;s&#8217;han comprom\u00e8s en el treball per protegir els rius salvatges de la pen\u00ednsula balc\u00e0nica durant els \u00faltims vuit anys.&nbsp;<\/p>\n<p>Celebritats com Leonardo DiCaprio tamb\u00e9 van donar suport a la campanya per protegir el parc nacional del riu Vjosa.<\/p>\n<p>&#8220;Aquesta col\u00b7laboraci\u00f3 \u00fanica entre el govern, la societat civil i les empreses \u00e9s un testimoni del poder de l&#8217;acci\u00f3 col\u00b7lectiva i esperem que inspiri a altres a unir-se per protegir els llocs salvatges que ens han deixat, d&#8217;una manera significativa&#8221;, diu Ryan Gellert, director general de Patag\u00f2nia.&nbsp;<\/p>\n<p>&#8220;Avui a la vora del Vjosa, ens sentim honrats de saber que aquest riu excepcional i la seva fauna es conservaran per sempre&#8221;.<\/p><\/p>\n\n\n\n<p><h2><span>A quines amenaces s&#8217;enfrontava el riu Vjosa?<\/span><\/h2>\n<p><span>La convulsa hist\u00f2ria dels Balcans eclipsa el fet que \u00e9s la llar dels \u00faltims rius salvatges d&#8217;Europa.&nbsp;En conjunt, tenen un enorme valor ecol\u00f2gic.<\/span><\/p>\n<p><span>Per a les fam\u00edlies que viuen a la vall de Vjosa des de fa milers d&#8217;anys, hi ha una relaci\u00f3 afectiva amb el riu.&nbsp;Volen mantenir-ho com est\u00e0.<\/span><\/p>\n<p><a href=\"https:\/\/www.euronews.com\/green\/tag\/hydroelectricity-plant\"><strong><span>L&#8217;energia hidr\u00e0ulica<\/span><\/strong><\/a><span>&nbsp;era una de les principals amenaces per a la natura pr\u00edstina del riu.<\/span><\/p>\n<p><span>En comparaci\u00f3 amb altres fonts d&#8217;energia renovables, t\u00e9 capacitat d&#8217;emmagatzematge i es considera m\u00e9s estable i fiable que l&#8217;energia solar i e\u00f2lica tradicional.<\/span><\/p>\n<p><span>Per\u00f2 \u00e9s l&#8217;\u00fanica font d&#8217;energia renovable que envia esp\u00e8cies a l&#8217;extinci\u00f3, segons Patag\u00f2nia.&nbsp;I el 91% dels projectes hidroel\u00e8ctrics als Balcans produeixen poca energia, per\u00f2 tenen grans impactes sobre el medi ambient i les persones.<\/span><\/p>\n<p><span>El&nbsp;<\/span><a href=\"https:\/\/www.euronews.com\/travel\/2021\/05\/31\/four-of-europe-s-best-green-spaces\"><strong><span>parc nacional<\/span><\/strong><\/a><span>&nbsp;del riu salvatge de Vjosa facilitar\u00e0 solucions als reptes als quals s&#8217;enfronta el riu, com ara la contaminaci\u00f3 de l&#8217;aigua i la terra, la gesti\u00f3 de residus i la desforestaci\u00f3.&nbsp;El govern alban\u00e8s tamb\u00e9 crear\u00e0 oportunitats econ\u00f2miques per a les comunitats locals, mitjan\u00e7ant un turisme responsable, i ajudar\u00e0 a abordar el problema de la despoblaci\u00f3 a la zona.<\/span><\/p><\/p>\n\n\n\n<figure class=\"wp-block-image size-large\"><img loading=\"lazy\" decoding=\"async\" width=\"1024\" height=\"756\" src=\"https:\/\/wnature.org\/ca\/wp-content\/uploads\/vjosa-river-national-park-1-1024x756.jpg\" alt=\"\" class=\"wp-image-453743\" \/><\/figure>\n\n\n\n<figure class=\"wp-block-image size-large\"><img loading=\"lazy\" decoding=\"async\" width=\"1024\" height=\"756\" src=\"https:\/\/wnature.org\/ca\/wp-content\/uploads\/vjosa-river-national-park-2-1024x756.jpg\" alt=\"\" class=\"wp-image-453745\" \/><\/figure>\n\n\n\n<div class=\"wp-block-buttons is-layout-flex wp-block-buttons-is-layout-flex\">\n<div class=\"wp-block-button\"><a class=\"wp-block-button__link wp-element-button\">FES-TE MEMBRE<\/a><\/div>\n<\/div>\n\n\n\n<figure class=\"wp-block-image size-full\"><a><img loading=\"lazy\" decoding=\"async\" width=\"660\" height=\"380\" src=\"https:\/\/wnature.org\/ca\/wp-content\/uploads\/Mans-persones-comunitat-WN.png\" alt class=\"wp-image-446271\"><\/a><\/figure>\n\n\n\n<p><p><strong>Desgrava el 95% de la teva aportaci\u00f3 a l\u2019IRPF.<\/strong><\/p><p><strong>Per cada 10\u20ac que aportis nom\u00e9s pagues 0,5\u20ac<\/strong><\/p><p>Llei 49\/2002, de 23 de desembre, de r\u00e8gim fiscal de les entitats sense \u00e0nim de lucre i dels incentius fiscals al mecenatge.<\/p><p>Cada mes de gener emetem un Certificat Oficial de totes les teves aportacions de l\u2019any anterior perqu\u00e8 les puguis desgravar a la declaraci\u00f3 de l\u2019IRPF.<\/p><p>Destinem el 80% de la teva aportaci\u00f3 a Projectes, Accions i Campanyes i nom\u00e9s el 20% a despeses d\u2019administraci\u00f3 i captaci\u00f3 de fons.<\/p><\/p>\n","protected":false},"excerpt":{"rendered":"<p>El primer Parc Nacional Fluvial declarat a Europa de tot un Riu. EXCERPT<\/p>\n","protected":false},"author":2,"featured_media":453712,"comment_status":"closed","ping_status":"closed","sticky":false,"template":"","format":"standard","meta":{"_seopress_robots_primary_cat":"","_seopress_titles_title":"","_seopress_titles_desc":"","_seopress_robots_index":"","footnotes":""},"categories":[1],"tags":[],"class_list":["post-453705","post","type-post","status-publish","format-standard","has-post-thumbnail","hentry","category-noticies-natura"],"_links":{"self":[{"href":"https:\/\/wnature.org\/ca\/wp-json\/wp\/v2\/posts\/453705","targetHints":{"allow":["GET"]}}],"collection":[{"href":"https:\/\/wnature.org\/ca\/wp-json\/wp\/v2\/posts"}],"about":[{"href":"https:\/\/wnature.org\/ca\/wp-json\/wp\/v2\/types\/post"}],"author":[{"embeddable":true,"href":"https:\/\/wnature.org\/ca\/wp-json\/wp\/v2\/users\/2"}],"replies":[{"embeddable":true,"href":"https:\/\/wnature.org\/ca\/wp-json\/wp\/v2\/comments?post=453705"}],"version-history":[{"count":0,"href":"https:\/\/wnature.org\/ca\/wp-json\/wp\/v2\/posts\/453705\/revisions"}],"wp:featuredmedia":[{"embeddable":true,"href":"https:\/\/wnature.org\/ca\/wp-json\/wp\/v2\/media\/453712"}],"wp:attachment":[{"href":"https:\/\/wnature.org\/ca\/wp-json\/wp\/v2\/media?parent=453705"}],"wp:term":[{"taxonomy":"category","embeddable":true,"href":"https:\/\/wnature.org\/ca\/wp-json\/wp\/v2\/categories?post=453705"},{"taxonomy":"post_tag","embeddable":true,"href":"https:\/\/wnature.org\/ca\/wp-json\/wp\/v2\/tags?post=453705"}],"curies":[{"name":"wp","href":"https:\/\/api.w.org\/{rel}","templated":true}]}}