{"id":441293,"date":"2022-04-25T09:26:13","date_gmt":"2022-04-25T07:26:13","guid":{"rendered":"https:\/\/wnature.org\/ca\/?p=441293"},"modified":"2024-02-04T16:29:24","modified_gmt":"2024-02-04T16:29:24","slug":"orenetes-falciots-ballesters","status":"publish","type":"post","link":"https:\/\/wnature.org\/ca\/magazine\/natura-mes-a-mes\/orenetes-falciots-ballesters\/","title":{"rendered":"Orenetes, falciots i ballesters. Ja s\u00f3n aqu\u00ed!"},"content":{"rendered":"\n<figure class=\"wp-block-image size-large\"><img loading=\"lazy\" decoding=\"async\" width=\"1024\" height=\"576\" src=\"https:\/\/wnature.org\/ca\/wp-content\/uploads\/Oreneta-vulgar-Hirundo-rustica-WN-1024x576.jpg\" alt=\"\" class=\"wp-image-446284\" \/><\/figure>\n\n\n\n<h2 class=\"wp-block-heading\">Arribada la primavera i despr\u00e9s de les \u00faltimes pluges i mal temps, les orenetes, falciots, ballesters i totes les seves esp\u00e8cies afins arriben als nostres camps, pobles i ciutats per comen\u00e7ar una nova temporada de cria.<\/h2>\n\n\n\n<h3 class=\"wp-block-heading\">Orenetes, cada any al mateix niu!<\/h3>\n\n\n\n<p>Una fama merescuda! Les Orenetes vulgars (Hirundo rustica) s\u00f3n fidels, any rere any, als seus llocs de nidificaci\u00f3. Arriben al seu niu de l&#8217;any anterior amb una fidelitat extraordin\u00e0ria i encara dif\u00edcil de comprendre per la ci\u00e8ncia. Com troben el seu niu despr\u00e9s de tot l&#8217;hivern a l&#8217;\u00c0frica subsahariana?<\/p>\n\n\n\n<h3 class=\"wp-block-heading\">Necessitem conservar els seus nius i a elles mateixes.<\/h3>\n\n\n\n<p>Cada cop hi ha menys llocs disponibles per les Orenetes: masies, graners, pallers, garatges, castes d&#8217;eines, etc. on les Orenetes puguin fer els seus nius.<\/p>\n\n\n\n<p>\u00c9s veritat que durant l&#8217;\u00e8poca de cria poden embrutar una mica, per\u00f2 hi ha solucions perqu\u00e8 aquesta &#8220;brut\u00edcia&#8221; no sigui una mol\u00e8stia. Per exemple, instal\u00b7lant sota el niu una lleixa de fusta o cart\u00f3 que eviti que caiguin les seves deposicions a terra o als elements que guardem en aquesta estan\u00e7a.<\/p>\n\n\n\n<figure class=\"wp-block-embed is-type-video is-provider-youtube wp-block-embed-youtube wp-embed-aspect-16-9 wp-has-aspect-ratio\"><div class=\"wp-block-embed__wrapper\">\n<iframe loading=\"lazy\" title=\"Swallows return home to England - from the BBC&#039;s &quot;Earth Flight Europe&quot; and pampasg\" width=\"500\" height=\"281\" src=\"https:\/\/www.youtube.com\/embed\/DlHAXqIDB-g?feature=oembed\" frameborder=\"0\" allow=\"accelerometer; autoplay; clipboard-write; encrypted-media; gyroscope; picture-in-picture; web-share\" referrerpolicy=\"strict-origin-when-cross-origin\" allowfullscreen><\/iframe>\n<\/div><\/figure>\n\n\n\n<h3 class=\"wp-block-heading\">Esp\u00e8cies de casa nostra<\/h3>\n\n\n\n<h3 class=\"wp-block-heading\">La migraci\u00f3 de les Orenetes i Falciots<\/h3>\n\n\n\n<p>Una llarga travessa fins a l&#8217;\u00c0frica Subsahariana o Sud-am\u00e8rica.<\/p>\n\n\n\n<p><strong>M\u00e9s de 6.000 Quil\u00f2metres dos cops l&#8217;any!<\/strong><\/p>\n\n\n\n<p>Les Orenetes vulgars viuen pr\u00e0cticament a tot el m\u00f3n. I cada any fan una migraci\u00f3 de Nord-Sud a la recerca de les millors condicions on viure i, sobretot, alimentar-se.<\/p>\n\n\n\n<p><strong>En definitiva podr\u00edem dir que van de primavera en primavera.<\/strong><\/p>\n\n\n\n<p>El mateix fan els falciots, ballesters i altres cong\u00e8neres com l&#8217;oreneta cua-rogenca, tot i que cada cop m\u00e9s algunes es poden veure durant l&#8217;hivern a casa nostra a causa del Canvi Clim\u00e0tic. Aix\u00f2 est\u00e0 passant amb diferents esp\u00e8cies migradores.<\/p>\n\n\n\n<p>Certament, per\u00f2 aquestes migracions pretenen buscar les primaveres dels hemisferis del Planeta per tal d&#8217;estar sempre en unes zones on l&#8217;aliment mai escasseja, penseu que els insectes, el seu aliment, durant l&#8217;hivern pr\u00e0cticament desapareix per diferents raons. Per tant, els conv\u00e9 estar en indrets on abundin els insectes que, normalment, trobaran en condicions de temperatures i humitats semblants a les nostres primaveres-estius a l&#8217;hemisferi sud.<\/p>\n\n\n\n<h3 class=\"wp-block-heading\">Mapa de distribuci\u00f3 estiu i hivern<\/h3>\n\n\n\n<p>\u00c0rea de cria &#8211; primavera i estiu<\/p>\n\n\n\n<p>\u00c0rea d&#8217;hivernada &#8211; tardor i hivern<\/p>\n\n\n\n<h3 class=\"wp-block-heading\">Una ajuda immensa en l&#8217;equilibri natural per regular mosques i mosquits i altres insectes.<\/h3>\n\n\n\n<p>Tant les diferents esp\u00e8cies d&#8217;orenetes com de falciots s\u00f3n uns grans aliats de l&#8217;agricultura i de les persones en general visquem on visquem.<\/p>\n\n\n\n<p>La seva alimentaci\u00f3 a base de mosques i mosquits entre altres invertebrats, sobretot voladors, ens ajuden a regular aquestes poblacions d&#8217;insectes que, durant la primavera i estiu s\u00f3n tan abundants i, de vegades, poden ser molt molestos com els mosquits.<\/p>\n\n\n\n<p>Una oreneta pot ingerir di\u00e0riament el seu pes en mosquits. Ho fan al voltant de 400\u202fm al voltant d&#8217;on tenen els seus nius. S\u00f3n doncs uns grans depredadors i reguladors de mosquits als nostres entorns. I si tenim un niu a prop o dins d&#8217;alguna estan\u00e7a de casa (graner, paller, garatge, etc.) l&#8217;ajuda encara \u00e9s m\u00e9s directe i m\u00e9s efica\u00e7 per nosaltres. Un insecticida natural que ens alegri la vida amb els seus cants i colors.<\/p>\n\n\n\n<figure class=\"wp-block-image\"><img decoding=\"async\" src=\"https:\/\/wnature.org\/ca\/wp-content\/uploads\/2019\/09\/Oreneta-cua-rogenca-Hirundo-daurica-WN.png\" alt=\"\" \/><\/figure>\n\n\n\n<h2 class=\"wp-block-heading\">Ajuda&#8217;ns a conservar les Orenetes i altres esp\u00e8cies en perill.<\/h2>\n\n\n\n<h2 class=\"wp-block-heading\"><\/h2>\n","protected":false},"excerpt":{"rendered":"<p>Orenetes, falciots i ballesters, ja s\u00f3n aqu\u00ed per comen\u00e7ar una nova temporada de cria.<\/p>\n","protected":false},"author":2,"featured_media":0,"comment_status":"closed","ping_status":"open","sticky":false,"template":"","format":"standard","meta":{"_seopress_robots_primary_cat":"","_seopress_titles_title":"","_seopress_titles_desc":"","_seopress_robots_index":"","footnotes":""},"categories":[53],"tags":[],"class_list":["post-441293","post","type-post","status-publish","format-standard","hentry","category-natura-mes-a-mes"],"_links":{"self":[{"href":"https:\/\/wnature.org\/ca\/wp-json\/wp\/v2\/posts\/441293","targetHints":{"allow":["GET"]}}],"collection":[{"href":"https:\/\/wnature.org\/ca\/wp-json\/wp\/v2\/posts"}],"about":[{"href":"https:\/\/wnature.org\/ca\/wp-json\/wp\/v2\/types\/post"}],"author":[{"embeddable":true,"href":"https:\/\/wnature.org\/ca\/wp-json\/wp\/v2\/users\/2"}],"replies":[{"embeddable":true,"href":"https:\/\/wnature.org\/ca\/wp-json\/wp\/v2\/comments?post=441293"}],"version-history":[{"count":0,"href":"https:\/\/wnature.org\/ca\/wp-json\/wp\/v2\/posts\/441293\/revisions"}],"wp:attachment":[{"href":"https:\/\/wnature.org\/ca\/wp-json\/wp\/v2\/media?parent=441293"}],"wp:term":[{"taxonomy":"category","embeddable":true,"href":"https:\/\/wnature.org\/ca\/wp-json\/wp\/v2\/categories?post=441293"},{"taxonomy":"post_tag","embeddable":true,"href":"https:\/\/wnature.org\/ca\/wp-json\/wp\/v2\/tags?post=441293"}],"curies":[{"name":"wp","href":"https:\/\/api.w.org\/{rel}","templated":true}]}}