{"id":37945,"date":"2019-05-23T11:26:28","date_gmt":"2019-05-23T09:26:28","guid":{"rendered":"https:\/\/wnature.cat\/?p=37945"},"modified":"2026-01-01T11:51:05","modified_gmt":"2026-01-01T10:51:05","slug":"els-pesticides-cause-una-catastrofe-en-els-ocells-a-franca","status":"publish","type":"post","link":"https:\/\/wnature.org\/ca\/magazine\/noticies-natura\/els-pesticides-cause-una-catastrofe-en-els-ocells-a-franca\/","title":{"rendered":"Els pesticides causen una cat\u00e0strofe en els Ocells a Fran\u00e7a"},"content":{"rendered":"\n<h2 class=\"wp-block-heading\">El principal culpable, segons els investigadors, \u00e9s l&#8217;\u00fas intensiu de plaguicides en grans extensions de cultius de monocultiu, especialment blat i blat de moro.<\/h2>\n\n\n\n<p><\/p>\n\n\n\n<p>El problema no \u00e9s que les aus siguin enverinades, sin\u00f3 que han desaparegut els insectes de qu\u00e8 depenen com a aliment.<\/p>\n\n\n\n<p>&#8220;Gaireb\u00e9 no queden insectes, aquest \u00e9s el problema principal&#8221;, va dir Vincent Bretagnolle, ec\u00f2leg del CNRS del Centre d&#8217;Estudis Biol\u00f2gics de Chize.<\/p>\n\n\n\n<p>Les poblacions d&#8217;ocells de tot el paisatge franc\u00e8s han caigut un ter\u00e7 durant l&#8217;\u00faltima d\u00e8cada i la meitat, segons han dit investigadors.<\/p>\n\n\n\n<p>Dotzenes d\u2019esp\u00e8cies han vist disminuir la seva xifra, en alguns casos per dos ter\u00e7os, van dir els cient\u00edfics en un parell d\u2019estudis: un abast nacional i un altre que abasta una gran regi\u00f3 agr\u00edcola al centre de&nbsp;<a href=\"https:\/\/www.theguardian.com\/world\/france\" data-link-name=\"auto-linked-tag\" data-component=\"auto-linked-tag\">Fran\u00e7a<\/a>&nbsp;.<\/p>\n\n\n\n<p>&#8220;La situaci\u00f3 \u00e9s catastr\u00f2fica&#8221;, va dir Benoit Fontaine, bi\u00f2leg de conservaci\u00f3 del Museu Nacional d&#8217;Hist\u00f2ria Natural de Fran\u00e7a i coautor d\u2019un dels estudis.<\/p>\n\n\n\n<p>&#8220;El nostre camp est\u00e0 en proc\u00e9s de convertir-se en un veritable desert&#8221;, va dir en un comunicat publicat pel Centre Nacional d&#8217;Investigacions Cient\u00edfiques (CNRS), que tamb\u00e9 va contribuir a les conclusions.<\/p>\n\n\n\n<figure class=\"wp-block-image size-full\"><img loading=\"lazy\" decoding=\"async\" width=\"1000\" height=\"664\" src=\"https:\/\/wnature.org\/ca\/wp-content\/uploads\/2022\/07\/cadernera-Carduelis-carduelis-en-una-font-aigua.jpg\" alt=\"\" class=\"wp-image-445826\" srcset=\"https:\/\/wnature.org\/ca\/wp-content\/uploads\/2022\/07\/cadernera-Carduelis-carduelis-en-una-font-aigua.jpg 1000w, https:\/\/wnature.org\/ca\/wp-content\/uploads\/2022\/07\/cadernera-Carduelis-carduelis-en-una-font-aigua-300x199.jpg 300w, https:\/\/wnature.org\/ca\/wp-content\/uploads\/2022\/07\/cadernera-Carduelis-carduelis-en-una-font-aigua-768x510.jpg 768w, https:\/\/wnature.org\/ca\/wp-content\/uploads\/2022\/07\/cadernera-Carduelis-carduelis-en-una-font-aigua-600x398.jpg 600w\" sizes=\"auto, (max-width: 1000px) 100vw, 1000px\" \/><\/figure>\n\n\n\n<h2 class=\"wp-block-heading\">L&#8217;agricultura ha de transformar-se en ecol\u00f2gica i biodin\u00e0mica com ja ha fet en gran mesura el sector vitivin\u00edcola<\/h2>\n\n\n\n<p>A Catalunya, el sector vitivin\u00edcola ha estat capdavanter en la transformaci\u00f3 cap a una agricultura ecol\u00f2gica i biodin\u00e0mica que rebutja l&#8217;\u00fas de productes qu\u00edmics de s\u00edntesi.<\/p>\n\n\n\n<p>Per\u00f2 la majoria de l&#8217;agricultura i ramaderia intensiva segueix sent de producci\u00f3 qu\u00edmica. Aquest \u00e9s un dels factors, seguramnet el m\u00e9s important amb escreix, sobre el declivi de moltes esp\u00e8cies d&#8217;ocells i altres organismes associats als nostres h\u00e0bitats agr\u00edcoles.<\/p>\n\n\n\n<p>L&#8217;afectaci\u00f3 d&#8217;aquests productes per\u00f2, no nom\u00e9s \u00e9s sobre les petits invertebrats i ocells, sin\u00f3 que es traspassa, indefectiblement, als consumidors humans. Sabem que moltes de les malalties greus que patim, en un 50% aproximadament, tenen un origen ambiental, \u00e9s a dir, no son per causes gen\u00e8tiques.<\/p>\n\n\n\n<p>\u00c9s hora que l&#8217;administraci\u00f3 afronti aquest greu problema i recondueixi a l&#8217;agricultura i la ramaderia cap a una producci\u00f3 ecol\u00f2gica i biodin\u00e0mica respectuosa amb la salut i la natura.<\/p>\n\n\n\n<p>Per\u00f2 no tot acaba aqu\u00ed. Tamb\u00e9 \u00e9s urgent que els productors adquireixin i apliquin bones pr\u00e0ctiques en la gesti\u00f3 dels seus camps. La destrucci\u00f3 dels marges arbustius i de plantes i flors, no aporta res a la producci\u00f3 i redueix i afecta, de manera molt directe, a tota la fauna associada dels nostres camps i que contribueixen positivament en l&#8217;agricultura, i que nom\u00e9s per ignor\u00e0ncia i una mala formaci\u00f3 i informaci\u00f3 es destrueixen.<\/p>\n","protected":false},"excerpt":{"rendered":"<p>Les poblacions d&#8217;ocells de tot el paisatge franc\u00e8s han caigut un ter\u00e7 durant l&#8217;\u00faltima d\u00e8cada, segons els \u00faltims estudis fets per  investigadors especialitzats.<\/p>\n","protected":false},"author":2,"featured_media":471295,"comment_status":"closed","ping_status":"closed","sticky":false,"template":"","format":"standard","meta":{"_seopress_robots_primary_cat":"none","_seopress_titles_title":"","_seopress_titles_desc":"","_seopress_robots_index":"","footnotes":""},"categories":[1],"tags":[],"class_list":["post-37945","post","type-post","status-publish","format-standard","has-post-thumbnail","hentry","category-noticies-natura"],"_links":{"self":[{"href":"https:\/\/wnature.org\/ca\/wp-json\/wp\/v2\/posts\/37945","targetHints":{"allow":["GET"]}}],"collection":[{"href":"https:\/\/wnature.org\/ca\/wp-json\/wp\/v2\/posts"}],"about":[{"href":"https:\/\/wnature.org\/ca\/wp-json\/wp\/v2\/types\/post"}],"author":[{"embeddable":true,"href":"https:\/\/wnature.org\/ca\/wp-json\/wp\/v2\/users\/2"}],"replies":[{"embeddable":true,"href":"https:\/\/wnature.org\/ca\/wp-json\/wp\/v2\/comments?post=37945"}],"version-history":[{"count":0,"href":"https:\/\/wnature.org\/ca\/wp-json\/wp\/v2\/posts\/37945\/revisions"}],"wp:featuredmedia":[{"embeddable":true,"href":"https:\/\/wnature.org\/ca\/wp-json\/wp\/v2\/media\/471295"}],"wp:attachment":[{"href":"https:\/\/wnature.org\/ca\/wp-json\/wp\/v2\/media?parent=37945"}],"wp:term":[{"taxonomy":"category","embeddable":true,"href":"https:\/\/wnature.org\/ca\/wp-json\/wp\/v2\/categories?post=37945"},{"taxonomy":"post_tag","embeddable":true,"href":"https:\/\/wnature.org\/ca\/wp-json\/wp\/v2\/tags?post=37945"}],"curies":[{"name":"wp","href":"https:\/\/api.w.org\/{rel}","templated":true}]}}