{"id":37694,"date":"2019-04-22T10:02:06","date_gmt":"2019-04-22T08:02:06","guid":{"rendered":"https:\/\/wnature.cat\/?p=37694"},"modified":"2024-02-04T16:32:27","modified_gmt":"2024-02-04T16:32:27","slug":"dia-de-la-terra","status":"publish","type":"post","link":"https:\/\/wnature.org\/ca\/magazine\/natura-mes-a-mes\/dia-de-la-terra\/","title":{"rendered":"Dia de la Terra"},"content":{"rendered":"\n<figure class=\"wp-block-image size-full\"><img loading=\"lazy\" decoding=\"async\" width=\"800\" height=\"600\" src=\"https:\/\/wnature.org\/ca\/wp-content\/uploads\/Mans-Plantea-Justicia-WN.jpg\" alt=\"\" class=\"wp-image-454149\" \/><\/figure>\n\n\n\n<h2 class=\"wp-block-heading\">22 d&#8217;abril<br>Earth day<br>Dia de la Terra<\/h2>\n\n\n\n<h2 class=\"wp-block-heading\">&#8220;A la natura, res existeix sol&#8221;<br>&#8211; Rachel Carson, 1962-<\/h2>\n\n\n\n<p>Els regals de la natura al nostre planeta s\u00f3n els milions d\u2019esp\u00e8cies que coneixem i estimem, i moltes m\u00e9s que cal descobrir. Malauradament, els \u00e9ssers humans han trastocat irrevocablement l\u2019equilibri de la natura i, com a conseq\u00fc\u00e8ncia, el m\u00f3n s\u2019est\u00e0 enfrontant a la major taxa d\u2019extinci\u00f3 des que hem perdut els dinosaures fa m\u00e9s de 60 milions d\u2019anys. Per\u00f2 a difer\u00e8ncia del dest\u00ed dels dinosaures, la r\u00e0pida extinci\u00f3 d\u2019esp\u00e8cies al nostre m\u00f3n avui \u00e9s el resultat de l\u2019activitat humana.<\/p>\n\n\n\n<p>La destrucci\u00f3 global sense precedents i la r\u00e0pida reducci\u00f3 de les poblacions de plantes i fauna es relacionen directament amb causes impulsades per l\u2019activitat humana:<\/p>\n\n\n\n<ul class=\"wp-block-list\">\n<li>el canvi clim\u00e0tic,<\/li>\n\n\n\n<li>la desforestaci\u00f3,<\/li>\n\n\n\n<li>la p\u00e8rdua d\u2019h\u00e0bitats,<\/li>\n\n\n\n<li>el tr\u00e0fic i la ca\u00e7a furtiva,<\/li>\n\n\n\n<li>l\u2019agricultura insostenible,<\/li>\n\n\n\n<li>la contaminaci\u00f3 i els pesticides<\/li>\n<\/ul>\n\n\n\n<p>per nomenar-ne alguns. Els seus impactes s\u00f3n de gran abast.<\/p>\n\n\n\n<p><strong><em>Si no actuem ara, l\u2019extinci\u00f3 pot ser el llegat m\u00e9s durador de la humanitat.<\/em><\/strong><\/p>\n\n\n\n<p>Tots els \u00e9ssers vius tenen un valor intr\u00ednsec, i cadascun t\u00e9 un paper \u00fanic en la complexa xarxa de la vida. Hem de treballar junts per protegir les esp\u00e8cies amena\u00e7ades : abelles, esculls de corall, elefants, girafes, insectes, balenes&#8230; i molt m\u00e9s.<\/p>\n\n\n\n<p>La bona not\u00edcia \u00e9s que la taxa d\u2019extinci\u00f3 encara es pot alentir i moltes de les nostres esp\u00e8cies en declivi, amena\u00e7ades encara es poden recuperar si treballem junts per construir un moviment global unit de consumidors, votants, educadors, l\u00edders i cient\u00edfics que reclamin accions immediates.<\/p>\n\n\n\n<p><strong><em>&#8220;Els Ambaixadors per la Natura de WORLD NATURE<\/em><\/strong> et demanem que t&#8217;uneixis a la nostra comunitat i <a href=\"https:\/\/wnature.org\/ca\/ca\/fes-te-membre\/\" data-type=\"page\" data-id=\"441103\">et facis Membre<\/a>. Els nostres objectius s\u00f3n:<\/p>\n\n\n\n<ul class=\"wp-block-list\">\n<li>Educar i sensibilitzar sobre la taxa d\u2019extinci\u00f3 accelerada de milions d\u2019esp\u00e8cies i les causes i conseq\u00fc\u00e8ncies d\u2019aquest fenomen.<\/li>\n\n\n\n<li>Aconseguir vict\u00f2ries pol\u00edtiques importants que protegeixin grups amplis d&#8217;esp\u00e8cies, aix\u00ed com esp\u00e8cies individuals i els seus h\u00e0bitats.<\/li>\n\n\n\n<li>Construir i activar un moviment global que abra\u00e7a la naturalesa i els seus valors.<\/li>\n\n\n\n<li>Fomentar accions per aturar l&#8217;\u00fas de plaguicides i herbicides.<\/li>\n<\/ul>\n\n\n\n<figure class=\"wp-block-embed is-type-video is-provider-youtube wp-block-embed-youtube wp-embed-aspect-16-9 wp-has-aspect-ratio\"><div class=\"wp-block-embed__wrapper\">\n<iframe loading=\"lazy\" title=\"Earth Day 2020 PSA\" width=\"500\" height=\"281\" src=\"https:\/\/www.youtube.com\/embed\/y0XjKjamJ0Y?feature=oembed\" frameborder=\"0\" allow=\"accelerometer; autoplay; clipboard-write; encrypted-media; gyroscope; picture-in-picture; web-share\" referrerpolicy=\"strict-origin-when-cross-origin\" allowfullscreen><\/iframe>\n<\/div><\/figure>\n","protected":false},"excerpt":{"rendered":"<p>El 22 d&#8217;abril se celebra el &#8220;Dia de la Terra&#8221;. Un esdeveniment mundial que vol posar el focus sobre la import\u00e0ncia de conservar l&#8217;\u00fanic Planeta que teneim per viure: La Terra. <\/p>\n","protected":false},"author":2,"featured_media":0,"comment_status":"open","ping_status":"closed","sticky":false,"template":"","format":"standard","meta":{"_seopress_robots_primary_cat":"","_seopress_titles_title":"","_seopress_titles_desc":"","_seopress_robots_index":"","footnotes":""},"categories":[53],"tags":[],"class_list":["post-37694","post","type-post","status-publish","format-standard","hentry","category-natura-mes-a-mes"],"_links":{"self":[{"href":"https:\/\/wnature.org\/ca\/wp-json\/wp\/v2\/posts\/37694","targetHints":{"allow":["GET"]}}],"collection":[{"href":"https:\/\/wnature.org\/ca\/wp-json\/wp\/v2\/posts"}],"about":[{"href":"https:\/\/wnature.org\/ca\/wp-json\/wp\/v2\/types\/post"}],"author":[{"embeddable":true,"href":"https:\/\/wnature.org\/ca\/wp-json\/wp\/v2\/users\/2"}],"replies":[{"embeddable":true,"href":"https:\/\/wnature.org\/ca\/wp-json\/wp\/v2\/comments?post=37694"}],"version-history":[{"count":0,"href":"https:\/\/wnature.org\/ca\/wp-json\/wp\/v2\/posts\/37694\/revisions"}],"wp:attachment":[{"href":"https:\/\/wnature.org\/ca\/wp-json\/wp\/v2\/media?parent=37694"}],"wp:term":[{"taxonomy":"category","embeddable":true,"href":"https:\/\/wnature.org\/ca\/wp-json\/wp\/v2\/categories?post=37694"},{"taxonomy":"post_tag","embeddable":true,"href":"https:\/\/wnature.org\/ca\/wp-json\/wp\/v2\/tags?post=37694"}],"curies":[{"name":"wp","href":"https:\/\/api.w.org\/{rel}","templated":true}]}}