{"id":37503,"date":"2019-11-29T10:10:10","date_gmt":"2019-11-29T09:10:10","guid":{"rendered":"https:\/\/wnature.cat\/?p=37503"},"modified":"2026-01-21T20:18:27","modified_gmt":"2026-01-21T19:18:27","slug":"especies-en-extincio-pressio-humana","status":"publish","type":"post","link":"https:\/\/wnature.org\/ca\/magazine\/noticies-natura\/especies-en-extincio-pressio-humana\/","title":{"rendered":"Esp\u00e8cies en extinci\u00f3: la pressi\u00f3 humana n&#8217;\u00e9s la causa principal."},"content":{"rendered":"\n<ul class=\"wp-block-list\">\n<li><em>Un nou estudi descriu com els canvis humans perjudicials al medi ambient afecten els rangs individuals de m\u00e9s de 5.400 esp\u00e8cies de mam\u00edfers, ocells i amfibis a tot el m\u00f3n.<\/em><\/li>\n\n\n\n<li><em>Gaireb\u00e9 la quarta part de les esp\u00e8cies estan amena\u00e7ades per impactes humans en m\u00e9s del 90% del seu abast, i almenys un impacte hum\u00e0 es va produir en una mitjana del 38 per cent del rang d\u2019una determinada esp\u00e8cie.<\/em><\/li>\n\n\n\n<li><em>L\u2019estudi tamb\u00e9 va identificar punts &#8220;frescos&#8221;, on les concentracions d\u2019esp\u00e8cies no es veuen afectades negativament pels humans.<\/em><\/li>\n\n\n\n<li><em>Els investigadors diuen que aquests &#8220;refugiats&#8221; s\u00f3n bons objectius per als esfor\u00e7os de conservaci\u00f3.<\/em><\/li>\n<\/ul>\n\n\n\n<p>Els animals de tot el m\u00f3n estan perdent terreny per l&#8217;agricultura i la ramaderia, i el seu nombre est\u00e0 disminuint a les mans dels ca\u00e7adors humans. Per\u00f2 la q\u00fcesti\u00f3 d\u2019on orientar recursos urgents per protegir la biodiversitat continua sent pol\u00e8mica.<\/p>\n\n\n\n<p>Aquesta setmana, un equip d\u2019investigadors va publicar un nou estudi amb la possibilitat d\u2019ajudar a aquest c\u00e0lcul, que per primera vegada, mostra com els canvis humans perjudicials al medi ambient afecten els rangs individuals de m\u00e9s de 5.400 esp\u00e8cies de mam\u00edfers, ocells i amfibis a tot el m\u00f3n.<\/p>\n\n\n\n<p><strong>&#8220;Hem proporcionat un marc que ara els conservacionistes poden utilitzar per determinar quines accions espec\u00edfiques han de fer a cada lloc&#8221;<\/strong>, va dir James Allan el principal autor de l&#8217;estudi i investigador de la conservaci\u00f3 a la Universitat de Queensland a Austr\u00e0lia en aquesta entrevista.<\/p>\n\n\n\n<p>Allan i els seus companys van comen\u00e7ar amb <a href=\"https:\/\/news.mongabay.com\/2016\/08\/human-impact-on-environment-may-be-slowing-down-new-study\/\" data-wpel-link=\"internal\">investigacions<\/a> relacionades amb la &#8220;petjada humana&#8221; al voltant del m\u00f3n utilitzant un conjunt de vuit de &#8220;les pressions m\u00e9s nocives que els humans exerceixen sobre la naturalesa&#8221;. Aquestes pressions van abastar la densitat de poblaci\u00f3 humana, les explotacions ramaderes i les terres agr\u00edcoles, aix\u00ed com carreteres i ferrocarrils. I van confeccionar un mapa d&#8217;afectacions.<\/p>\n\n\n\n<p>L\u2019equip despr\u00e9s va tra\u00e7ar aquestes amenaces en llocs on se sap que disminueix la capacitat d\u2019una esp\u00e8cie per sobreviure en xarxes de 30 per 30 quil\u00f2metres. En total, els cient\u00edfics van considerar 5.457 esp\u00e8cies animals classificades com a amena\u00e7ades, vulnerables, en perill d\u2019extinci\u00f3 o en perill cr\u00edtic per la UICN.<\/p>\n\n\n\n<p>L\u2019 <a href=\"https:\/\/journals.plos.org\/plosbiology\/article?id=10.1371\/journal.pbio.3000158\" target=\"_blank\" rel=\"external noopener noreferrer\" data-wpel-link=\"external\">an\u00e0lisi<\/a> , publicada el 12 de mar\u00e7 a la revista <em>PLoS Biology<\/em> , revela que el 84% de les terres de la Terra tenen almenys una d\u2019aquestes amenaces. Per al 23% de les esp\u00e8cies, m\u00e9s de 1.200 tipus d\u2019animals, aquestes amenaces es produeixen en m\u00e9s del 90% del seu rang. I per al 7% de les esp\u00e8cies, els impactes humans perjudicials estan presents a tota la zona que habiten. <strong>Si no ens movem per protegir aquestes esp\u00e8cies, els autors adverteixen que \u00e9s probable que desapareguin completament.<\/strong><\/p>\n\n\n\n<p>L&#8217;estudi posa de manifest els &#8220;punts forts&#8221; clau en qu\u00e8 les condicions per a moltes esp\u00e8cies residents s\u00f3n terribles, aix\u00ed com &#8220;punts frescos&#8221; on hi ha moltes esp\u00e8cies que viuen sense afectaci\u00f3 de l&#8217;impacte hum\u00e0.<\/p>\n\n\n\n<p>Fa gaireb\u00e9 dues d\u00e8cades, la <a href=\"https:\/\/www.nature.com\/articles\/35002501\" target=\"_blank\" rel=\"external noopener noreferrer\" data-wpel-link=\"external\">investigaci\u00f3<\/a> publicada a <em>Nature<\/em> va identificar per primera vegada els &#8220;punts calents de la biodiversitat&#8221; en llocs on les \u00e0mplies varietats d\u2019esp\u00e8cies perdien trossos importants del seu h\u00e0bitat. A partir d\u2019aquesta &#8220;feina de treball incre\u00efblement important&#8221;, aquest nou estudi permet als cient\u00edfics i als conservacionistes aprofundir en una gamma m\u00e9s \u00e0mplia d\u2019amenaces, com ara &#8220;la ca\u00e7a insidiosa que es produeix per sota de la cobertura boscosa -can\u00f2pia-&#8220;, va dir Allan.<\/p>\n\n\n\n<p>Els resultats van mostrar que com a m\u00ednim l&#8217;impacte hum\u00e0 es produeix una mitjana del 38 per cent de la gamma d\u2019una determinada esp\u00e8cie. En general, els animals m\u00e9s amena\u00e7ats \u2013els que van quedar marcats com a perill cr\u00edtic per la UICN\u2013 van afrontar amenaces en proporcions m\u00e9s altes de les seves gammes.<\/p>\n\n\n\n<p>Piero Visconti, ecologista de l&#8217;Institut Internacional per a l&#8217;An\u00e0lisi de Sistemes Aplicats de Viena, que no formava part de l&#8217;equip d&#8217;estudi, va dir que era &#8220;notable&#8221; que el document actual coincid\u00eds amb l&#8217; estudi de la <em>Natura<\/em> 2000 per identificar els punts cr\u00edtics on moltes esp\u00e8cies s&#8217;enfronten a amenaces. , incloent les selves tropicals del sud-est asi\u00e0tic i parts de l\u2019Amazones brasileres.<\/p>\n\n\n\n<p>&#8220;Significa que totes les intervencions de conservaci\u00f3 que han anat succeint &#8211; va ser un diner ben invertit&#8221;, va dir Visconti a Mongabay. &#8220;Per\u00f2 clarament hi ha necessitat de m\u00e9s perqu\u00e8 si encara estan&#8221; calents &#8220;, significa que no hem fet la feina&#8221;.<\/p>\n\n\n\n<p>Va anomenar el nou an\u00e0lisi d&#8217;Allan i els seus col\u00b7legues que va identificar aquests punts &#8220;valuosos&#8221; i &#8220;perspica\u00e7os&#8221; i va afegir: &#8220;Pel que fa a la informaci\u00f3 de les intervencions de conservaci\u00f3, aquest \u00e9s probablement el primer pas per identificar quins llocs nom\u00e9s tenen moltes esp\u00e8cies que estan afectats. &#8220;<\/p>\n\n\n\n<p>Els investigadors tamb\u00e9 van trobar que els rangs de m\u00e9s d\u2019un ter\u00e7 de l\u2019esp\u00e8cie de l\u2019estudi no van ser afectats per les vuit amenaces, tot i que els cient\u00edfics adverteixen que encara es poden veure afectats per altres activitats humanes. En determinats punts &#8220;frescos&#8221;, s\u2019han produ\u00eft altes concentracions d\u2019aquestes esp\u00e8cies no afectades.<\/p>\n\n\n\n<p>Diversos d&#8217;aquests llocs frescos tenien sentit: els boscos temperats d&#8217;Am\u00e8rica del Nord, per exemple, o la tundra \u00e0rtica. Per\u00f2 gran part de l&#8217;illa de Borneo, aix\u00ed com d&#8217;altres zones d&#8217;Indon\u00e8sia i de la pen\u00ednsula de Mal\u00e0isia &#8211; \u00e0rees que tamb\u00e9 s\u00f3n la llar de moltes esp\u00e8cies que es veuen afectades pels humans &#8211; es mostren una mica desconcertants.<\/p>\n\n\n\n<p>Els autors expliquen que aquests llocs estan plens d\u2019un gran nombre d\u2019esp\u00e8cies en general i les amenaces afecten diferents esp\u00e8cies de manera diferent. Una tanca podria ser &#8220;catastr\u00f2fica&#8221; per a un petit mam\u00edfer o un amfibi, va dir Allan, per\u00f2 aix\u00f2 no afectaria a un ocell migrador.<\/p>\n\n\n\n<p>Visconti va expressar la seva preocupaci\u00f3, compartida per altres cient\u00edfics, si <a href=\"https:\/\/twitter.com\/pvisconbio\/status\/1106125794345172992\" target=\"_blank\" rel=\"external noopener noreferrer\" data-wpel-link=\"external\">Twitter<\/a> \u00e9s una indicaci\u00f3, sobre els llocs interessants que els responsables de la decisi\u00f3 podrien interpretar on dirigir els esfor\u00e7os de conservaci\u00f3 o buscar nous desenvolupaments en infraestructures Assumirien que els llocs frescos tamb\u00e9 s\u00f3n llocs amb h\u00e0bitat intacte? Aix\u00f2 podria ser el cas en alguns llocs, per\u00f2 no en altres.<\/p>\n\n\n\n<p>&#8220;No \u00e9s clar per a mi el que fas, sobretot en llocs que alhora s\u00f3n un lloc fresc i un punt calent&#8221;, va dir Visconti.<\/p>\n\n\n\n<p>Per Allan, els llocs fant\u00e0stics s\u00f3n motius d\u2019optimisme. Actuen com a refugi dels impactes humans (almenys per a algunes esp\u00e8cies), cosa que els fa principals objectius per protegir-los de manera proactiva contra els impactes humans.<\/p>\n\n\n\n<p>&#8220;Aquesta \u00e9s la forma m\u00e9s senzilla i efica\u00e7 de fer la conservaci\u00f3&#8221;, va dir Allan. &#8220;Sabem que funciona&#8221;.<\/p>\n\n\n\n<p>Els llocs on la superposici\u00f3 calenta i freda, va afegir, s\u00f3n llocs privilegiats per a la conservaci\u00f3 tant reactiva com proactiva per fer front simult\u00e0niament a les amenaces que ja tenen un impacte en les esp\u00e8cies, aix\u00ed com a la incursi\u00f3 de noves amenaces.<\/p>\n\n\n\n<p>L\u2019an\u00e0lisi tamb\u00e9 va revelar que cap de les amenaces \u00e9s un &#8220;joc de trencaclosques&#8221;, va dir Allan, un sentiment que va fer ress\u00f2 del coautor i James Watson, ecologista de la Universitat de Queensland.<\/p>\n\n\n\n<p>&#8220;Totes les amenaces que es poden mapar es poden frenar mitjan\u00e7ant accions de conservaci\u00f3&#8221;, va dir en un <a href=\"https:\/\/www.eurekalert.org\/pub_releases\/2019-03\/p-mte030519.php\" target=\"_blank\" rel=\"external noopener noreferrer\" data-wpel-link=\"external\">comunicat<\/a> Watson, tamb\u00e9 director de ci\u00e8ncia i investigaci\u00f3 de la Wildlife Conservation Society . &#8220;Nom\u00e9s necessitem la voluntat pol\u00edtica i el finan\u00e7ament&#8221;.<\/p>\n\n\n\n<p>Els conservacionistes tamb\u00e9 han de centrar-se a millorar les dades disponibles sobre amenaces i esp\u00e8cies, va dir Lucas Joppa, ecologista computacional i responsable de medi ambient de Microsoft, que no estava involucrat en la investigaci\u00f3.<\/p>\n\n\n\n<p><i>&#8220;En general, aquest estudi representa un important pas endavant en la comprensi\u00f3 de les amenaces a les esp\u00e8cies&#8221;, va dir Joppa en un correu electr\u00f2nic, que va afegir que &#8220;va aportar m\u00e9s claredat a aquest tema&#8221;.<\/i><\/p>\n\n\n\n<p><i>&#8220;Encara hi ha molta feina a fer, perqu\u00e8 tenim dades tan limitades sobre esp\u00e8cies i amenaces&#8221;, ha afegit. &#8220;Els millors conjunts de dades globals sobre amenaces representen nom\u00e9s una petita fracci\u00f3 de les amenaces conegudes&#8221;.<\/i><\/p>\n\n\n\n<p>Allan va dir que, a mesura que estiguin disponibles noves investigacions detallant els problemes que s&#8217;enfronten les esp\u00e8cies, la investigaci\u00f3 de l&#8217;equip es pot actualitzar i aplicar de noves maneres.<\/p>\n\n\n\n<p>&#8220;Estem molt oberts a parlar-ne amb alg\u00fa&#8221;, va dir, &#8220;aix\u00ed que esperem que els altres tinguin altres hipot\u00e8sis que ni tan sols puc imaginar&#8221;.<\/p>\n\n\n\n<p><strong><em>John Cannon \u00e9s un escriptor de Mongabay amb seu a l&#8217;Orient Mitj\u00e0. Trobeu-lo a Twitter: <a href=\"https:\/\/twitter.com\/johnccannon\" target=\"_blank\" rel=\"external noopener noreferrer\" data-wpel-link=\"external\">@johnccannon<\/a><\/em><\/strong><\/p>\n\n\n\n<p><strong>Cites<\/strong><\/p>\n\n\n\n<p>Allan, JR, Watson, JEM, Di Marco, M., O&#8217;Bryan, CJ, Possingham, HP, Atkinson, SC, i Venter, O. (2019). Hotspots de l&#8217;impacte hum\u00e0 en vertebrats terrestres amena\u00e7ats. <em>PLoS Biology<\/em> , <em>17<\/em> (3), e3000158. doi: <a href=\"https:\/\/doi.org\/10.1371\/journal.pbio.3000158\" target=\"_blank\" rel=\"external noopener noreferrer\" data-wpel-link=\"external\"> 10.1371 \/ journal.pbio.3000158<\/a><\/p>\n\n\n\n<p>Myers, N., Mittermeier, RA, Mittermeier, CG, Da Fonseca, GA i Kent, J. (2000). Hotspots de biodiversitat per a prioritats de conservaci\u00f3. <em>Nature<\/em> , <em>403<\/em> (6772), 853.<\/p>\n\n\n\n<p>Venter, O., Sanderson, EW, Magrach, A., Allan, JR, Beher, J., Jones, KR, &#8230; i Levy, MA (2016). Setze anys de canvi en la petjada humana terrestre global i implicacions per a la conservaci\u00f3 de la biodiversitat. <em>Nature Communications<\/em> , <em>7<\/em> , 12558.<\/p>\n","protected":false},"excerpt":{"rendered":"<p>Els nous mapes mostren on els \u00e9ssers humans estan empenyent les esp\u00e8cies cap a l&#8217;extinci\u00f3.<\/p>\n","protected":false},"author":2,"featured_media":446335,"comment_status":"closed","ping_status":"closed","sticky":false,"template":"","format":"standard","meta":{"_seopress_robots_primary_cat":"none","_seopress_titles_title":"","_seopress_titles_desc":"","_seopress_robots_index":"","footnotes":""},"categories":[1],"tags":[],"class_list":["post-37503","post","type-post","status-publish","format-standard","has-post-thumbnail","hentry","category-noticies-natura"],"_links":{"self":[{"href":"https:\/\/wnature.org\/ca\/wp-json\/wp\/v2\/posts\/37503","targetHints":{"allow":["GET"]}}],"collection":[{"href":"https:\/\/wnature.org\/ca\/wp-json\/wp\/v2\/posts"}],"about":[{"href":"https:\/\/wnature.org\/ca\/wp-json\/wp\/v2\/types\/post"}],"author":[{"embeddable":true,"href":"https:\/\/wnature.org\/ca\/wp-json\/wp\/v2\/users\/2"}],"replies":[{"embeddable":true,"href":"https:\/\/wnature.org\/ca\/wp-json\/wp\/v2\/comments?post=37503"}],"version-history":[{"count":0,"href":"https:\/\/wnature.org\/ca\/wp-json\/wp\/v2\/posts\/37503\/revisions"}],"wp:featuredmedia":[{"embeddable":true,"href":"https:\/\/wnature.org\/ca\/wp-json\/wp\/v2\/media\/446335"}],"wp:attachment":[{"href":"https:\/\/wnature.org\/ca\/wp-json\/wp\/v2\/media?parent=37503"}],"wp:term":[{"taxonomy":"category","embeddable":true,"href":"https:\/\/wnature.org\/ca\/wp-json\/wp\/v2\/categories?post=37503"},{"taxonomy":"post_tag","embeddable":true,"href":"https:\/\/wnature.org\/ca\/wp-json\/wp\/v2\/tags?post=37503"}],"curies":[{"name":"wp","href":"https:\/\/api.w.org\/{rel}","templated":true}]}}