{"id":37246,"date":"2019-02-20T12:30:41","date_gmt":"2019-02-20T11:30:41","guid":{"rendered":"https:\/\/wnature.cat\/?p=37246"},"modified":"2024-02-04T16:32:56","modified_gmt":"2024-02-04T16:32:56","slug":"dia-mundial-de-la-natura","status":"publish","type":"post","link":"https:\/\/wnature.org\/ca\/magazine\/natura-mes-a-mes\/dia-mundial-de-la-natura\/","title":{"rendered":"Dia Mundial de la Natura"},"content":{"rendered":"\n<figure class=\"wp-block-image size-full\"><img loading=\"lazy\" decoding=\"async\" width=\"800\" height=\"533\" src=\"https:\/\/wnature.org\/ca\/wp-content\/uploads\/Parc-Natural-del-Cap-de-Creus-BAIXA.jpg\" alt=\"\" class=\"wp-image-447446\" \/><\/figure>\n\n\n\n<h2 class=\"wp-block-heading\">L&#8217;incalculable valor de la vida salvatge<\/h2>\n\n\n\n<p>Els animals salvatges i les plantes silvestres, a m\u00e9s del seu valor intr\u00ednsec, contribueixen als aspectes ecol\u00f2gics, gen\u00e8tics, socials, econ\u00f2mics, cient\u00edfics, educatius, culturals, recreatius i est\u00e8tics del benestar hum\u00e0 i el desenvolupament sostenible.<\/p>\n\n\n\n<p>El Dia Mundial de la Vida Salvatge ens brinda l&#8217;ocasi\u00f3 de celebrar la bellesa i la varietat de la flora i la fauna salvatges, aix\u00ed com de crear consci\u00e8ncia sobre la multitud de beneficis que la conservaci\u00f3 d&#8217;aquestes formes de vida t\u00e9 per a la humanitat. La celebraci\u00f3 d&#8217;aquest dia tamb\u00e9 ens recorda la necessitat urgent de combatre els delictes contra el medi ambient i la disminuci\u00f3 d&#8217;esp\u00e8cies causada per l&#8217;activitat humana, que comporten conseq\u00fc\u00e8ncies negatives de gran abast en l&#8217;\u00e0mbit econ\u00f2mic, mediambiental i social. Aquest \u00e9s el motiu pel qual l&#8217;Objectiu de Desenvolupament Sostenible (ODS) n\u00famero 15 se centra en aturar la p\u00e8rdua de biodiversitat.<\/p>\n\n\n\n<p>Vida subaqu\u00e0tica: per a les persones i el planeta<br>La campanya d&#8217;aquest 2019, &#8220;Vida subaqu\u00e0tica: per a les persones i el planeta&#8221;, s&#8217;alinea estretament amb l&#8217;objectiu 14 de Desenvolupament Sostenible ( &#8220;conservar i utilitzar de forma sostenible els oceans, mars i recursos marins per al desenvolupament sostenible&#8221;) amb una atenci\u00f3 especial en la conservaci\u00f3 i l&#8217;\u00fas sostenible de la vida silvestre marina.<\/p>\n\n\n\n<p>L&#8217;oce\u00e0 cont\u00e9 gaireb\u00e9 200.000 esp\u00e8cies identificades, per\u00f2 en realitat hi ha milions d&#8217;esp\u00e8cies. M\u00e9s de tres mil milions de persones depenen de la diversitat biol\u00f2gica marina i costanera per al seu manteniment. La fauna marina ha estat el mitj\u00e0 de vida per a la civilitzaci\u00f3 i el desenvolupament durant mil\u00b7lennis, ens ha subministrat aliments i materials per a l&#8217;artesania i la construcci\u00f3, a m\u00e9s d&#8217;enriquir les nostres vides des d&#8217;un punt de vista cultural, espiritual i d&#8217;oci.<\/p>\n\n\n\n<p>La capacitat de la vida marina per seguir proporcionant a la humanitat tot aix\u00f2 es complica cada vegada m\u00e9s, ja que els nostres oceans i les esp\u00e8cies que hi viuen s&#8217;estan veient amena\u00e7ats per diversos perills. Entre d&#8217;altres, la sobreexplotaci\u00f3, especialment, la pesca no sostenible i altres pr\u00e0ctiques d&#8217;extracci\u00f3 d&#8217;esp\u00e8cies marines, per\u00f2 tamb\u00e9 altres grans amenaces com els efectes del canvi clim\u00e0tic, la contaminaci\u00f3 marina i la destrucci\u00f3 de l&#8217;h\u00e0bitat. Aix\u00f2 t\u00e9 un fort impacte no nom\u00e9s sota el mar, sin\u00f3 en les vides i el suport dels que depenen dels serveis dels ecosistemes marins, en particular de dones i homes en les comunitats costaneres.<\/p>\n\n\n\n<h2 class=\"wp-block-heading\">CAP DE CREUS PARC NACIONAL<\/h2>\n\n\n\n<p>Reclamem al Govern d ela Generalitat de Catalunya que inici els tr\u00e0mits per declarar el Cap de Creus parc Nacional Mar\u00edtim-Terrestre i dotar aix\u00ed de la figura de m\u00e0xima protecci\u00f3 aquest espai natural de gran import\u00e0ncia per la fauna i la flora marina.<\/p>\n","protected":false},"excerpt":{"rendered":"<p>&#8220;En aquest Dia Mundial de la Natura i la Vida Salvatge, est\u00e0 dedicat a la conscienciaci\u00f3 sobre l&#8217;extraordin\u00e0ria diversitat de la vida marina i la import\u00e0ncia crucial de les esp\u00e8cies marines per al desenvolupament sostenible. D&#8217;aquesta manera, podrem assegurar aquests serveis per a les generacions futures&#8221;. <em>-Antonio Guterres, Secretari General de les Nacions Unides<\/em><\/p>\n","protected":false},"author":2,"featured_media":0,"comment_status":"open","ping_status":"closed","sticky":false,"template":"","format":"standard","meta":{"_seopress_robots_primary_cat":"","_seopress_titles_title":"","_seopress_titles_desc":"","_seopress_robots_index":"","footnotes":""},"categories":[53],"tags":[],"class_list":["post-37246","post","type-post","status-publish","format-standard","hentry","category-natura-mes-a-mes"],"_links":{"self":[{"href":"https:\/\/wnature.org\/ca\/wp-json\/wp\/v2\/posts\/37246","targetHints":{"allow":["GET"]}}],"collection":[{"href":"https:\/\/wnature.org\/ca\/wp-json\/wp\/v2\/posts"}],"about":[{"href":"https:\/\/wnature.org\/ca\/wp-json\/wp\/v2\/types\/post"}],"author":[{"embeddable":true,"href":"https:\/\/wnature.org\/ca\/wp-json\/wp\/v2\/users\/2"}],"replies":[{"embeddable":true,"href":"https:\/\/wnature.org\/ca\/wp-json\/wp\/v2\/comments?post=37246"}],"version-history":[{"count":0,"href":"https:\/\/wnature.org\/ca\/wp-json\/wp\/v2\/posts\/37246\/revisions"}],"wp:attachment":[{"href":"https:\/\/wnature.org\/ca\/wp-json\/wp\/v2\/media?parent=37246"}],"wp:term":[{"taxonomy":"category","embeddable":true,"href":"https:\/\/wnature.org\/ca\/wp-json\/wp\/v2\/categories?post=37246"},{"taxonomy":"post_tag","embeddable":true,"href":"https:\/\/wnature.org\/ca\/wp-json\/wp\/v2\/tags?post=37246"}],"curies":[{"name":"wp","href":"https:\/\/api.w.org\/{rel}","templated":true}]}}