{"id":36721,"date":"2019-02-02T18:23:07","date_gmt":"2019-02-02T17:23:07","guid":{"rendered":"https:\/\/wnature.cat\/?p=36721"},"modified":"2024-02-04T16:33:09","modified_gmt":"2024-02-04T16:33:09","slug":"dia-mundial-de-les-zones-humides","status":"publish","type":"post","link":"https:\/\/wnature.org\/ca\/magazine\/natura-mes-a-mes\/dia-mundial-de-les-zones-humides\/","title":{"rendered":"DIA MUNDIAL DE LES ZONES HUMIDES"},"content":{"rendered":"\n<h2 class=\"wp-block-heading\">El dia 2 de febrer de cada any celebrem el Dia Mundial de les Zones Humides<\/h2>\n\n\n\n<figure class=\"wp-block-embed is-type-video is-provider-youtube wp-block-embed-youtube wp-embed-aspect-16-9 wp-has-aspect-ratio\"><div class=\"wp-block-embed__wrapper\">\n<iframe loading=\"lazy\" title=\"World Wetlands Day: Wetlands and Climate Change\" width=\"500\" height=\"281\" src=\"https:\/\/www.youtube.com\/embed\/IZpAS5iZR_Y?start=28&#038;feature=oembed\" frameborder=\"0\" allow=\"accelerometer; autoplay; clipboard-write; encrypted-media; gyroscope; picture-in-picture; web-share\" referrerpolicy=\"strict-origin-when-cross-origin\" allowfullscreen><\/iframe>\n<\/div><\/figure>\n\n\n\n<p>Aquesta celebraci\u00f3 ens recorda la import\u00e0ncia d&#8217;aquestes zones naturals, d&#8217;aquests h\u00e0bitats fr\u00e0gils per\u00f2 tan necessaris per a la vida. Especialment per a la vida salvatge.<\/p>\n\n\n\n<p>El 60% dels aiguamolls han desaparegut com a conseq\u00fc\u00e8ncia d&#8217;actuacions de dessecaci\u00f3 i urbanitzaci\u00f3.<\/p>\n\n\n\n<p><strong>Reclamem, doncs, un major esfor\u00e7 a les administracions p\u00fabliques, tant a la Generalitat de Catalunya, com a l&#8217;UE i la comunitat internacional perqu\u00e8 garanteixin la conservaci\u00f3 i productivitat dels aiguamolls i les zones humides en general.<\/strong><\/p>\n\n\n\n<figure class=\"wp-block-image size-full\"><img loading=\"lazy\" decoding=\"async\" width=\"619\" height=\"360\" src=\"https:\/\/wnature.org\/ca\/wp-content\/uploads\/Parque-Nacional-Tablas-de-Daimiel-WN.webp\" alt=\"\" class=\"wp-image-454526\" \/><figcaption class=\"wp-element-caption\">Parc Natural dels Aiguamolls de l&#8217;Empord\u00e0 <em>(Declerats \u00c0rea RAMSAR)<\/em><\/figcaption><\/figure>\n\n\n\n<p>Els aiguamolls s\u00f3n \u00e0rees amb pres\u00e8ncia d&#8217;aigua, b\u00e9 en superf\u00edcie o a pocs cent\u00edmetres, que mantenen en alguns casos una vegetaci\u00f3 adaptada a les condicions d&#8217;humitat i una rica i diversa avifauna. Els beneficis que aporten al conjunt de la societat s\u00f3n m\u00faltiples.<\/p>\n\n\n\n<p>Els aiguamolls costaners tenen una gran import\u00e0ncia ecol\u00f2gica i econ\u00f2mica per la seva elevada productivitat i diversitat biol\u00f2gica, ja que s\u00f3n llocs on peri\u00f2dicament es concentren nombroses esp\u00e8cies marines per a fresar o criar.<\/p>\n\n\n\n<figure class=\"wp-block-image size-full\"><img loading=\"lazy\" decoding=\"async\" width=\"750\" height=\"515\" src=\"https:\/\/wnature.org\/ca\/wp-content\/uploads\/Arenaria-interpres-Ramena-rocs-WN.jpg\" alt=\"\" class=\"wp-image-446356\" \/><figcaption class=\"wp-element-caption\">Ramenarocs <em>(Arenaria interpres)<\/em><\/figcaption><\/figure>\n\n\n\n<p>Dels aiguamolls s&#8217;obtenen mat\u00e8ries primeres per a productes comercialitzables, especialment en el sector tradicional i artesanal, constitu\u00efxen una reserva d&#8217;aigua per a l&#8217;agricultura i ramaderia, reuneixen unes condicions i caracter\u00edstiques excel\u00b7lents per a desenvolupar activitats l\u00fadiques i d&#8217;interpretaci\u00f3 ambiental, i com no, un reservori de biodiversitat en el seu sentit m\u00e9s ampli del terme.<\/p>\n\n\n\n<p>A pesar de l&#8217;inq\u00fcestionable valor ecol\u00f2gic i productiu de les zones humides, el ritme de destrucci\u00f3 i alteraci\u00f3 es mant\u00e9 a nivells injustificables.<\/p>\n","protected":false},"excerpt":{"rendered":"<p>El dia 2 de febrer de cada any celebrem el Dia Mundial de les Zones Humides Aquesta celebraci\u00f3 ens recorda la import\u00e0ncia d&#8217;aquestes zones naturals, d&#8217;aquests h\u00e0bitats fr\u00e0gils per\u00f2 tan necessaris per a la vida. Especialment per a la vida salvatge. El 60% dels aiguamolls han desaparegut com a conseq\u00fc\u00e8ncia d&#8217;actuacions de dessecaci\u00f3 i urbanitzaci\u00f3. [&hellip;]<\/p>\n","protected":false},"author":2,"featured_media":0,"comment_status":"open","ping_status":"closed","sticky":false,"template":"","format":"standard","meta":{"_seopress_robots_primary_cat":"","_seopress_titles_title":"","_seopress_titles_desc":"","_seopress_robots_index":"","footnotes":""},"categories":[53],"tags":[],"class_list":["post-36721","post","type-post","status-publish","format-standard","hentry","category-natura-mes-a-mes"],"_links":{"self":[{"href":"https:\/\/wnature.org\/ca\/wp-json\/wp\/v2\/posts\/36721","targetHints":{"allow":["GET"]}}],"collection":[{"href":"https:\/\/wnature.org\/ca\/wp-json\/wp\/v2\/posts"}],"about":[{"href":"https:\/\/wnature.org\/ca\/wp-json\/wp\/v2\/types\/post"}],"author":[{"embeddable":true,"href":"https:\/\/wnature.org\/ca\/wp-json\/wp\/v2\/users\/2"}],"replies":[{"embeddable":true,"href":"https:\/\/wnature.org\/ca\/wp-json\/wp\/v2\/comments?post=36721"}],"version-history":[{"count":0,"href":"https:\/\/wnature.org\/ca\/wp-json\/wp\/v2\/posts\/36721\/revisions"}],"wp:attachment":[{"href":"https:\/\/wnature.org\/ca\/wp-json\/wp\/v2\/media?parent=36721"}],"wp:term":[{"taxonomy":"category","embeddable":true,"href":"https:\/\/wnature.org\/ca\/wp-json\/wp\/v2\/categories?post=36721"},{"taxonomy":"post_tag","embeddable":true,"href":"https:\/\/wnature.org\/ca\/wp-json\/wp\/v2\/tags?post=36721"}],"curies":[{"name":"wp","href":"https:\/\/api.w.org\/{rel}","templated":true}]}}