{"id":35546,"date":"2018-10-18T13:06:06","date_gmt":"2018-10-18T11:06:06","guid":{"rendered":"https:\/\/wnature.cat\/?p=35546"},"modified":"2024-07-20T11:11:00","modified_gmt":"2024-07-20T09:11:00","slug":"boscos-tardor-parc-natural-alt-pirineu","status":"publish","type":"post","link":"https:\/\/wnature.org\/ca\/magazine\/natura-mes-a-mes\/boscos-tardor-parc-natural-alt-pirineu\/","title":{"rendered":"Boscos de tardor al Parc Natural de l&#8217;Alt Pirineu"},"content":{"rendered":"\n<h2 class=\"wp-block-heading\">Boscos de Tardor al PN de l&#8217;Alt Pirineu<\/h2>\n\n\n\n<h2 class=\"wp-block-heading\">La tardor arriba als boscos dels nostres parcs naturals de muntanya<\/h2>\n\n\n\n<h3 class=\"wp-block-heading\">Despr\u00e9s de l\u2019estiu \u00e9s moment de preparar-se per rebre l\u2019hivern. \u00c9s temps de recollir els fruits de la terra i fer rebost, i l\u2019\u00e8poca en qu\u00e8 molts ocells emprenen el seu viatge cap a terres m\u00e9s c\u00e0lides, ara que els dies s\u2019escurcen. Per\u00f2 sobretot, la tardor fa acte de pres\u00e8ncia i els boscos dominats per arbres de fulla caduca ofereixen un espectacle crom\u00e0tic \u00fanic, enriquint el paisatge amb infinitat de tonalitats. Veniu a descobrir-los!<\/h3>\n\n\n\n<h2 class=\"wp-block-heading\">Valls d&#8217;\u00c0neu<\/h2>\n\n\n\n<p>A les Valls d\u2019\u00c0neu es poden assaborir paisatges de gran bellesa que tenen un atractiu especial en el moment en qu\u00e8 els arbres comencen a perdre la fulla. La solana situada entre el refugi del Fornet i les bordes de Perosa \u00e9s un territori espectacular per gaudir del silenci i contemplar l\u2019esclat de colors.<\/p>\n\n\n\n<p><strong>Esp\u00e8cies:<\/strong> avellaner, bedoll, tr\u00e8mol, plado o erable, roure de fulla gran, til\u00b7ler i cirerer<\/p>\n\n\n\n<p><strong>\u00c8poca:<\/strong> 2a quinzena d\u2019octubre a 1a de novembre<\/p>\n\n\n\n<p><strong>Indrets recomanats:<br><\/strong>&#8211; Itinerari circular Potariets-Vernets: situats al poble d\u2019Isil, podeu fer un senzill passeig per la Cultia d\u2019Isil i gaudir de colors de tardor espectaculars. La Casa de l\u2019\u00d3s dels Pirineus \u00e9s un centre d\u2019interpretaci\u00f3 que tamb\u00e9 ofereix Rutes de l\u2019\u00d3s per descobrir l\u2019h\u00e0bitat d\u2019aquesta emblem\u00e0tica esp\u00e8cie.<\/p>\n\n\n\n<p>&#8211; Pla de Perosa: mirador natural que mostra una fant\u00e0stica panor\u00e0mica sobre la vall de Bonab\u00e9 i permet realitzar fotografies de paisatge. Prop d\u2019aqu\u00ed hi ha els tres magn\u00edfics avets monumentals de Perosa.<\/p>\n\n\n\n<h2 class=\"wp-block-heading\">Vall de Noarre<\/h2>\n\n\n\n<p>El conjunt format per l\u2019extens bedollar de la vall de Noarre, i les bordes i prats del fons de vall, esdev\u00e9 especialment atractiu a la tardor, quan els bedolls es vesteixen de tons grocs i taronges. Aquest paisatge sovint contrasta amb els alts cims propers, que s\u2019enfarinen de blanc quan cauen les primeres precipitacions.<\/p>\n\n\n\n<p><strong>Esp\u00e8cies:<\/strong> bedoll, roure de fulla gran, moixera de guilla, nabiu<\/p>\n\n\n\n<p><strong>\u00c8poca:<\/strong> final de setembre (moixera de guilla i nabiu) fins final d\u2019octubre<\/p>\n\n\n\n<p><strong>Indrets recomanats:<br><\/strong>&#8211; Mirador del Corbiu, accessible a peu en 30 minuts des del refugi de la Pleta del Prat.<br>&#8211; Itinerari de Noarre, amb punts d\u2019inici a l\u2019\u00e0rea d\u2019esbarjo del pont de la Bolle o a les Bordes de Graus, i que permet visitar el nucli de bordes de Noarre, envoltat de l\u2019impressionant bedollar.<\/p>\n\n\n\n<h2 class=\"wp-block-heading\">Pla de Boavi<\/h2>\n\n\n\n<p>El Pla de Boavi \u00e9s un indret especial tot l\u2019any, per\u00f2 a la tardor s\u2019omple de m\u00e0gia. Les muntanyes i els vessants esquerps que l\u2019envolten contrasten fortament amb el pla, per on discorre el riu amansit. La paleta de colors de tardor es complementa amb l\u2019aigua que travessa el pla i amb les \u00faltimes eugues o vaques que pasturen tranquil\u00b7lament.<\/p>\n\n\n\n<p><strong>Esp\u00e8cies:<\/strong> bedoll, roure de fulla gran, erable, faig (n\u2019hi ha cam\u00ed de Broate, algun molt gran).<\/p>\n\n\n\n<p><strong>\u00c8poca:<\/strong> 2a quinzena d\u2019octubre<\/p>\n\n\n\n<p><strong>Indrets recomanats:<br><\/strong>&#8211; Itinerari del Pla de Boavi: de baixa dificultat, comen\u00e7a a la presa de Montalto, i amb una pl\u00e0cida passejada permet admirar i fotografiar els colors que la natura ofereix en aquesta \u00e8poca de l\u2019any.<\/p>\n\n\n\n<p>Segueix les accions de WN per la natura. <a href=\"https:\/\/wnature.org\/ca\/ca\/butlleti-de-noticies\/\" data-type=\"page\" data-id=\"46\">Subscriu-te al Butllet\u00ed!<\/a><\/p>\n\n\n\n<h2 class=\"wp-block-heading\">Valls d&#8217;Esta\u00f3n<\/h2>\n\n\n\n<p>A la tardor els colors ocres, grocs i torrats s\u00f3n els protagonistes en el tram que va del poble de Ribera de Card\u00f3s a Estaon. M\u00e9s amunt, bordes i cabanes completen un paisatge ramader, m\u00e9s obert i amb magn\u00edfics nuclis de bordes, que li atorga una personalitat \u00fanica a la vall.<\/p>\n\n\n\n<p><strong>Esp\u00e8cies:<\/strong> cirerer, tr\u00e8mol, clop o pollancre, moixera de guilla o besurt, bedoll, roure de fulla gran, freixe de fulla gran<\/p>\n\n\n\n<p><strong>\u00c8poca:<\/strong> sobre la segona quinzena d\u2019octubre<\/p>\n\n\n\n<p><strong>Indrets recomanats:<br><\/strong>&#8211; L\u2019itinerari de Cardedo, de dificultat mitjana, permet gaudir de la coloraci\u00f3 d\u2019un bosc mixte d\u2019avellaners, bedolls, roures i tr\u00e8mols. A Borda de Vidal impacta un gran cirerer que en aquesta \u00e8poca de l\u2019any s\u2019enc\u00e9n de color roig.<br>&#8211; En el recorregut d\u2019Esta\u00f3n a les Bordes de Nibr\u00f3s i Perafita, a m\u00e9s del silenci de bordes solit\u00e0ries, ens sorprendran uns clops i tr\u00e8mols alt\u00edssims.<br>&#8211; Des del poble d\u2019Esta\u00f3n, les restes de l\u2019antiga esgl\u00e9sia de Santa Eul\u00e0lia s\u00f3n el mirador perfecte per poder fotografiar c\u00f2modament la singularitat de la vall d\u2019Esta\u00f3n a la tardor.<\/p>\n\n\n\n<h2 class=\"wp-block-heading\">Valls d&#8217;Esterri de Card\u00f3s<\/h2>\n\n\n\n<p>Una visita a la Vall d\u2019Esterri de Card\u00f3s sempre \u00e9s un plaer per la vista. Els diversos arbres de fulla caduca converteixen la vall en un espectacle en l\u2019estaci\u00f3 amb m\u00e9s matisos de colors. Destaquen especialment el bedollar de la Mata d\u2019Arr\u00f3s, un dels m\u00e9s extensos del Parc, i els clops solitaris que s\u2019encenen de groc.<\/p>\n\n\n\n<p><strong>Esp\u00e8cies:<\/strong> bedoll, clop o pollancre, tr\u00e8mol, cirerer, freixe de fulla gran, roure de fulla gran<\/p>\n\n\n\n<p><strong>\u00c8poca:<\/strong> segona quinzena d\u2019octubre<\/p>\n\n\n\n<p><strong>Indrets recomanats:<br><\/strong>&#8211; Itinerari de la Molina: senzill recorregut que, sortint d\u2019Esterri de Card\u00f3s, \u00e9s el marc ideal per observar a fons els colors de tardor: boscos de bedolls, freixes i cirerers que contrasten amb bordes, prats i l\u2019aigua cristal\u2022lina del barranc de la Molina.<br>&#8211; Mirador del Cap de la Roca: est\u00e0 equipat amb dos bancs i una taula panor\u00e0mica que permet passar una estona reconeixent el paisatge de l\u2019entorn.<br>&#8211; \u00c9s especialment recomanable situar-nos al poble de Benante des d\u2019on, mirant cap a la Mata d\u2019Arr\u00f3s, podrem veure el contrast del bedollar amb els prats de dall de la Cultia d\u2019Arr\u00f3s.<\/p>\n\n\n\n<figure class=\"wp-block-image\"><img decoding=\"async\" src=\"https:\/\/wnature.org\/ca\/wp-content\/uploads\/2018\/10\/Boscos-tardor-PN-Alt-Pirineu.jpg\" alt=\"\"\/><figcaption class=\"wp-element-caption\">Valls d&#8217;Esterri de Card\u00f3s<\/figcaption><\/figure>\n\n\n\n<figure class=\"wp-block-image\"><img decoding=\"async\" src=\"https:\/\/wnature.org\/ca\/wp-content\/uploads\/2018\/10\/Bolets-de-tardor-al-PN-Alt-Pirineu.jpg\" alt=\"\"\/><figcaption class=\"wp-element-caption\">Fongs de tronc a la tardor<\/figcaption><\/figure>\n\n\n\n<p>Fotografies: Generalitat de Catalunya i Fons WN.<\/p>\n","protected":false},"excerpt":{"rendered":"<p>Despr\u00e9s de l\u2019estiu \u00e9s moment de preparar-se per rebre l\u2019hivern. \u00c9s temps de recollir els fruits de la terra i fer rebost, i l\u2019\u00e8poca en qu\u00e8 molts ocells emprenen el seu viatge cap a terres m\u00e9s c\u00e0lides, ara que els dies s\u2019escurcen. Per\u00f2 sobretot, la tardor fa acte de pres\u00e8ncia i els boscos dominats per arbres de fulla caduca ofereixen un espectacle crom\u00e0tic \u00fanic, enriquint el paisatge amb infinitat de tonalitats.  Veniu a descobrir-los!\u200b<\/p>\n","protected":false},"author":2,"featured_media":0,"comment_status":"open","ping_status":"closed","sticky":false,"template":"","format":"standard","meta":{"_seopress_robots_primary_cat":"none","_seopress_titles_title":"","_seopress_titles_desc":"","_seopress_robots_index":"","footnotes":""},"categories":[53],"tags":[],"class_list":["post-35546","post","type-post","status-publish","format-standard","hentry","category-natura-mes-a-mes"],"_links":{"self":[{"href":"https:\/\/wnature.org\/ca\/wp-json\/wp\/v2\/posts\/35546","targetHints":{"allow":["GET"]}}],"collection":[{"href":"https:\/\/wnature.org\/ca\/wp-json\/wp\/v2\/posts"}],"about":[{"href":"https:\/\/wnature.org\/ca\/wp-json\/wp\/v2\/types\/post"}],"author":[{"embeddable":true,"href":"https:\/\/wnature.org\/ca\/wp-json\/wp\/v2\/users\/2"}],"replies":[{"embeddable":true,"href":"https:\/\/wnature.org\/ca\/wp-json\/wp\/v2\/comments?post=35546"}],"version-history":[{"count":0,"href":"https:\/\/wnature.org\/ca\/wp-json\/wp\/v2\/posts\/35546\/revisions"}],"wp:attachment":[{"href":"https:\/\/wnature.org\/ca\/wp-json\/wp\/v2\/media?parent=35546"}],"wp:term":[{"taxonomy":"category","embeddable":true,"href":"https:\/\/wnature.org\/ca\/wp-json\/wp\/v2\/categories?post=35546"},{"taxonomy":"post_tag","embeddable":true,"href":"https:\/\/wnature.org\/ca\/wp-json\/wp\/v2\/tags?post=35546"}],"curies":[{"name":"wp","href":"https:\/\/api.w.org\/{rel}","templated":true}]}}