{"id":30766,"date":"2017-11-15T10:25:50","date_gmt":"2017-11-15T09:25:50","guid":{"rendered":"https:\/\/wnature.cat\/?p=30766"},"modified":"2024-02-04T16:35:41","modified_gmt":"2024-02-04T16:35:41","slug":"espais-naturals-amenacats-que-son-patrimoni-humanitat-duplica-tres-anys","status":"publish","type":"post","link":"https:\/\/wnature.org\/ca\/magazine\/noticies-natura\/espais-naturals-amenacats-que-son-patrimoni-humanitat-duplica-tres-anys\/","title":{"rendered":"Els espais naturals amena\u00e7ats que s\u00f3n Patrimoni de la Humanitat es duplica en tres anys"},"content":{"rendered":"\n<p>Que el m\u00f3n est\u00e0 perdent la batalla de preservar la Natura \u00e9s una evid\u00e8ncia a ulls de tothom<\/p>\n\n\n\n<p>El nombre d&#8217;Espais Naturals amena\u00e7ats que s\u00f3n Patrimoni de la Humanitat ha crescut de 32 a 65 en nom\u00e9s tres anys<\/p>\n\n\n\n<p>Segons es despr\u00e8n de l&#8217;\u00faltim informe realitzat pel programa <a href=\"http:\/\/www.worldheritageoutlook.iucn.org\/\" target=\"_blank\" rel=\"noopener\"><strong>&#8220;World Heritage Outlook<\/strong>&#8220;<\/a> de la prestigiosa organitzaci\u00f3 de Conservaci\u00f3 de la Natura del Palneta <a href=\"https:\/\/www.iucn.org\/\" target=\"_blank\" rel=\"noopener\">(IUCN)<\/a> depenent de Nacions Unides <a href=\"http:\/\/www.un.org\/\" target=\"_blank\" rel=\"noopener\">(UN)<\/a> que vetlla per l&#8217;estat de Conservaci\u00f3 dels <strong>Espais Naturals declarats Patrimoni de la Humanitat.<\/strong><\/p>\n\n\n\n<p>L&#8217;Outlook del Patrimoni Mundial de la UICN de 2014 va proporcionar la primera avaluaci\u00f3 global de tots els llocs naturals del Patrimoni Mundial &#8211; 228 fins al moment. Des de 2015, s&#8217;han inscrit 13 llocs nous a la llista del patrimoni mundial de 15 pa\u00efsos, inclosos dos llocs transfronterers.<\/p>\n\n\n\n<p>Dos d&#8217;aquests llocs s\u00f3n marins, 11 s\u00f3n terrestres i quatre s\u00f3n mixtes ambd\u00f3s culturals i naturals. Tamb\u00e9 s&#8217;han aprovat extensions significatives de quatre llocs existents des del 2015. Oceania era l&#8217;\u00fanica regi\u00f3 sense nous llocs ni extensions des de l&#8217;any 2015.<\/p>\n\n\n\n<p>Aquest nou informe resumeix les avaluacions de 2017 de la IUCN Patrimoni de la Humanitat, proporcionant els resultats globals per als 241 llocs naturals actualment enumerats, i una comparaci\u00f3 dels resultats dels 228 llocs que formaven part de la Llista de Patrimoni Mundial de l&#8217;any 2014 i per a la qual hi ha ara dues avaluacions disponibles.<\/p>\n\n\n\n<figure class=\"wp-block-image\"><img decoding=\"async\" src=\"https:\/\/wnature.org\/ca\/wp-content\/uploads\/2017\/11\/Migracio\u0301-Papallona-Monarca-Danaus-plexippus-World-Nature.jpg\" alt=\"\" \/><figcaption class=\"wp-element-caption\">La papallona migradora Monarca (Danaus plexippus).<\/figcaption><\/figure>\n\n\n\n<p>La reserva de la Biosfera de les papallones monarca (M\u00e8xic), el parc nacionals dels Everglades (Estats Units) i del llac Turkana (K\u00e8nia) i l&#8217;illa de Rennell Oriental (Salom\u00f3) s\u00f3n alguns dels <strong>espais qualificats de Patrimoni Mundial Natural que es troben en situaci\u00f3 cr\u00edtica<\/strong>, segons l&#8217;informe <a href=\"http:\/\/www.worldheritageoutlook.iucn.org\/\" target=\"_blank\" rel=\"noopener\">World Heritage Outlook 2<\/a> elaborat per la <a href=\"http:\/\/www.iucn.org\/\" target=\"_blank\" rel=\"noopener\">Uni\u00f3 Internacional per a la Conservaci\u00f3 de la Natura (IUCN)<\/a>.<\/p>\n\n\n\n<p>M\u00e9s enll\u00e0 de noms significatius concrets, l&#8217;informe destaca que <strong>el nombre de llocs amena\u00e7ats ha crescut de 32 a 65 en nom\u00e9s tres anys<\/strong>, quan es va publicar l&#8217;informe anterior. La ra\u00f3 principal d&#8217;aquest creixement \u00e9s el canvi clim\u00e0tic, que provoca, entre altres efectes, <strong>l&#8217;emblanquiment de les barreres de coral o la reculada de les glaceres<\/strong>, per\u00f2 que tamb\u00e9 potencia altres amenaces, com l&#8217;expansi\u00f3 d&#8217;esp\u00e8cies invasores. Les pr\u00e0ctiques poc sostenibles de turisme i el desenvolupament d&#8217;infraestructures s\u00f3n dues amenaces m\u00e9s.<\/p>\n\n\n\n<p><strong>El canvi clim\u00e0tic afecta la quarta part dels 241 llocs<\/strong> inclosos en la llista de Patrimoni Mundial Natural. El 2014 nom\u00e9s amena\u00e7ava un de cada set llocs. Entre els llocs afectats hi ha l&#8217;atol d&#8217;Aldabra, a l&#8217;oce\u00e0 \u00cdndic -el segon atol de coral m\u00e9s gran del m\u00f3n-, la Gran Barrera de Coral australiana -la m\u00e9s gran del m\u00f3n- i la Barrera de Coral de Belize -la m\u00e9s gran de l&#8217;hemisferi nord-. El canvi clim\u00e0tic tamb\u00e9 fa recular glaceres a llocs com el Kilimanjaro -el pic m\u00e9s alt d&#8217;\u00c0frica- i el de Jungfrau-Aletsch -el m\u00e9s gran dels Alps.<\/p>\n\n\n\n<p>La directora general de la IUCN, Inger Andersen, <strong>ha aprofitat la confer\u00e8ncia de clima de Bonn per llen\u00e7ar aquest missatge<\/strong>:<\/p>\n\n\n\n<blockquote class=\"wp-block-quote is-layout-flow wp-block-quote-is-layout-flow\">\n<p>&#8220;El canvi clim\u00e0tic actua r\u00e0pidament i no perdona els tresors m\u00e9s delicats del nostre planeta. L&#8217;escala i el ritme a qu\u00e8 est\u00e0 fent malb\u00e9 el nostre patrimoni natural subratlla la necessitat de compromisos i accions nacionals urgents per implementar els acords de Par\u00eds sobre canvi clim\u00e0tic.&#8221;<\/p>\n<\/blockquote>\n\n\n\n<p>Segons l&#8217;informe, <strong>el 7% dels Espais Naturals Patrimoni de la Humanitat es troben en situaci\u00f3 cr\u00edtica i<\/strong> <strong>el 29% desperten preocupacions significatives<\/strong>. La resta, uns dos ter\u00e7os, es troben en bon estat, alguns per\u00f2 presenten alguna amena\u00e7a preocupant.<\/p>\n\n\n\n<p>No es tracta nom\u00e9s de preservar un patrimoni natural, sin\u00f3 tamb\u00e9 tot l&#8217;<strong>impacte que representen per a les diverses poblacions que hi viuen<\/strong> o que es troben als seus voltants. Aix\u00ed ho explica Tim Badman, director del programa de Patrimoni Mundial de l&#8217;IUCN:<\/p>\n\n\n\n<blockquote class=\"wp-block-quote is-layout-flow wp-block-quote-is-layout-flow\">\n<p>&#8220;Aquests llocs juguen un paper crucial per a les economies i les vides locals. La seva destrucci\u00f3 va m\u00e9s enll\u00e0 de la seva excepcional bellesa i el seu valor natural. Al Parc Nacional d&#8217;Huascar\u00e1n, al Per\u00fa, per exemple, la fusi\u00f3 de les glaceres afecta el subministrament d&#8217;aigua i contamina aig\u00fces i s\u00f2ls a causa de l&#8217;alliberament de metalls pesants que havien quedat atrapats al gel.&#8221;<\/p>\n<\/blockquote>\n\n\n\n<figure class=\"wp-block-image size-full\"><img loading=\"lazy\" decoding=\"async\" width=\"800\" height=\"533\" src=\"https:\/\/wnature.org\/ca\/wp-content\/uploads\/Parque-Nacional-Garajonay-WN.jpg\" alt=\"\" class=\"wp-image-454518\" \/><\/figure>\n\n\n\n<p><strong>L&#8217;informe no deixa de banda bones not\u00edcies.<\/strong> Com a exemple, el Parc Nacional de Como\u00e9, a Costa d&#8217;Ivori, ha vist la recuperaci\u00f3 de les poblacions d&#8217;elefants i ximpanz\u00e9s gr\u00e0cies a una gesti\u00f3 efectiva i a l&#8217;ajuda internacional, un cop es va estabilitzar la situaci\u00f3 pol\u00edtica al pa\u00eds. <strong>En total, 14 llocs han millorat la seva situaci\u00f3 des del 2014.<\/strong><\/p>\n","protected":false},"excerpt":{"rendered":"<p>El nombre d\u2019Espais Naturals Patrimoni de la Humanitat amena\u00e7ats ha crescut de 32 a 65 en nom\u00e9s tres anys. Segons es despr\u00e8n de l\u2019\u00faltim informe realitzat pel programa \u201cWorld Heritage Outlook\u201c de la prestigiosa organitzaci\u00f3 de Conservaci\u00f3 de la Natura IUCN.<\/p>\n","protected":false},"author":2,"featured_media":450100,"comment_status":"open","ping_status":"open","sticky":false,"template":"","format":"standard","meta":{"_seopress_robots_primary_cat":"","_seopress_titles_title":"","_seopress_titles_desc":"","_seopress_robots_index":"","footnotes":""},"categories":[1],"tags":[],"class_list":["post-30766","post","type-post","status-publish","format-standard","has-post-thumbnail","hentry","category-noticies-natura"],"_links":{"self":[{"href":"https:\/\/wnature.org\/ca\/wp-json\/wp\/v2\/posts\/30766","targetHints":{"allow":["GET"]}}],"collection":[{"href":"https:\/\/wnature.org\/ca\/wp-json\/wp\/v2\/posts"}],"about":[{"href":"https:\/\/wnature.org\/ca\/wp-json\/wp\/v2\/types\/post"}],"author":[{"embeddable":true,"href":"https:\/\/wnature.org\/ca\/wp-json\/wp\/v2\/users\/2"}],"replies":[{"embeddable":true,"href":"https:\/\/wnature.org\/ca\/wp-json\/wp\/v2\/comments?post=30766"}],"version-history":[{"count":0,"href":"https:\/\/wnature.org\/ca\/wp-json\/wp\/v2\/posts\/30766\/revisions"}],"wp:featuredmedia":[{"embeddable":true,"href":"https:\/\/wnature.org\/ca\/wp-json\/wp\/v2\/media\/450100"}],"wp:attachment":[{"href":"https:\/\/wnature.org\/ca\/wp-json\/wp\/v2\/media?parent=30766"}],"wp:term":[{"taxonomy":"category","embeddable":true,"href":"https:\/\/wnature.org\/ca\/wp-json\/wp\/v2\/categories?post=30766"},{"taxonomy":"post_tag","embeddable":true,"href":"https:\/\/wnature.org\/ca\/wp-json\/wp\/v2\/tags?post=30766"}],"curies":[{"name":"wp","href":"https:\/\/api.w.org\/{rel}","templated":true}]}}