{"id":28070,"date":"2017-03-09T11:01:16","date_gmt":"2017-03-09T10:01:16","guid":{"rendered":"https:\/\/wnature.cat\/?p=28070"},"modified":"2024-05-04T17:24:02","modified_gmt":"2024-05-04T16:24:02","slug":"generalitat-deixa-torre-negra-fora-parc-natural-collserola","status":"publish","type":"post","link":"https:\/\/wnature.org\/ca\/magazine\/noticies-natura\/generalitat-deixa-torre-negra-fora-parc-natural-collserola\/","title":{"rendered":"Torre Negra fora del Parc Natural de Collserola"},"content":{"rendered":"\n<p>TORRE NEGRA QUEDAR\u00c0 FORA DEL PARC NATURAL DE COLLSEROLA<\/p>\n\n\n\n<h2 class=\"wp-block-heading\">UNA SENT\u00c8NCIA JUDUCIAL OBLIGA A LA GENERALITAT A DEIXAR TORRE NEGRA FORA DEL PARC NATURAL DE COLLSEROLA<\/h2>\n\n\n\n<h3 class=\"wp-block-heading\"><em>Ahir el Govern de la Generalitat va aprovar els nous l\u00edmits del parc natural de Collserola, dels quals va excloure l\u2019\u00e0mbit de Torre Negra, a Sant Cugat despr\u00e9s d&#8217;una set\u00e8ncia judial ferma. \u00c9s una set\u00e8ncia imcomprensible i innaceptable, doncs es tracte d&#8217;una p\u00e8rdua important\u00edssima d&#8217;una zona natural de gran qualitat a la falda del Parc Natural de Collserola.<\/em><\/h3>\n\n\n\n<p class=\"has-text-align-center\"><strong>World Nature actuar\u00e0 davant la Uni\u00f3 Europea al tractars-se d&#8217;una \u00e0rea natural dins la Xarxa Natura 2000, que \u00e9s l&#8217;estrat\u00e8gia europea de conservaci\u00f3 de la natura m\u00e9s important. Per aix\u00f2 trobem inexplicable i inacceptable com la Generalitat hagi retallat el Parc Natural de Collserola traient aquesta espai de Torre Negre estan dins la Xarxa Natura 2000.<\/strong><\/p>\n\n\n\n<p>El Parc Natural de Collserola \u00e9s una \u00e0rea natural de gran inter\u00e8s i un espai protegit estrat\u00e8gic. Al estar imbricat al bell mig d&#8217;una gran \u00e0rea metropolitana i envoltat de grans ciutats com Barcelona, Sant Cugat del Vall\u00e8s, Cerdanyola, entre d&#8217;altres, ciutats totes elles cridades a cr\u00e9ixer davant les previsions de l&#8217;augment de la poblaci\u00f3 humana que viurem en les pr\u00f2ximes d\u00e8cades es converteix en un pulm\u00f3 verd de primera qualitat i un espai estrat\u00e8gic per la biodiversitat.<\/p>\n\n\n\n<ul class=\"wp-block-list\">\n<li>Els <strong>Parcs Naturals s\u00f3n la<\/strong> <strong>columna vertebral<\/strong> de l&#8217;estrat\u00e8gia de Conservaci\u00f3 de la Natura d&#8217;un pa\u00eds.<\/li>\n\n\n\n<li>S\u00f3n essencials per al manteniment de la <strong>biodiversitat i els serveis ecosist\u00e8mics<\/strong> i la qualitat de vida dels que hi vivim.<\/li>\n\n\n\n<li>Ocupen un important paper en la <strong>regulaci\u00f3 dels cicles d&#8217;aigua<\/strong> i en la regulaci\u00f3 del clima local.<\/li>\n\n\n\n<li>Constitueixen <strong>importants \u00e0rees d&#8217;esbarjo<\/strong> per a milers de persones que realitzen ecoturisme.<\/li>\n<\/ul>\n","protected":false},"excerpt":{"rendered":"<p>El Parc Natural de Collserola \u00e9s una \u00e0rea natural de gran inter\u00e8s i un espai protegit estrat\u00e8gic. World Nature actuar\u00e0 davant la Uni\u00f3 Europea&#8230;<\/p>\n","protected":false},"author":2,"featured_media":0,"comment_status":"open","ping_status":"open","sticky":false,"template":"","format":"standard","meta":{"_seopress_robots_primary_cat":"","_seopress_titles_title":"","_seopress_titles_desc":"","_seopress_robots_index":"","footnotes":""},"categories":[1],"tags":[],"class_list":["post-28070","post","type-post","status-publish","format-standard","hentry","category-noticies-natura"],"_links":{"self":[{"href":"https:\/\/wnature.org\/ca\/wp-json\/wp\/v2\/posts\/28070","targetHints":{"allow":["GET"]}}],"collection":[{"href":"https:\/\/wnature.org\/ca\/wp-json\/wp\/v2\/posts"}],"about":[{"href":"https:\/\/wnature.org\/ca\/wp-json\/wp\/v2\/types\/post"}],"author":[{"embeddable":true,"href":"https:\/\/wnature.org\/ca\/wp-json\/wp\/v2\/users\/2"}],"replies":[{"embeddable":true,"href":"https:\/\/wnature.org\/ca\/wp-json\/wp\/v2\/comments?post=28070"}],"version-history":[{"count":0,"href":"https:\/\/wnature.org\/ca\/wp-json\/wp\/v2\/posts\/28070\/revisions"}],"wp:attachment":[{"href":"https:\/\/wnature.org\/ca\/wp-json\/wp\/v2\/media?parent=28070"}],"wp:term":[{"taxonomy":"category","embeddable":true,"href":"https:\/\/wnature.org\/ca\/wp-json\/wp\/v2\/categories?post=28070"},{"taxonomy":"post_tag","embeddable":true,"href":"https:\/\/wnature.org\/ca\/wp-json\/wp\/v2\/tags?post=28070"}],"curies":[{"name":"wp","href":"https:\/\/api.w.org\/{rel}","templated":true}]}}