{"id":27201,"date":"2017-12-11T10:44:56","date_gmt":"2017-12-11T09:44:56","guid":{"rendered":"https:\/\/wnature.cat\/?p=27201"},"modified":"2024-02-04T16:35:24","modified_gmt":"2024-02-04T16:35:24","slug":"dia-mundial-muntanyes","status":"publish","type":"post","link":"https:\/\/wnature.org\/ca\/magazine\/natura-mes-a-mes\/dia-mundial-muntanyes\/","title":{"rendered":"Dia Mundial de les Muntanyes"},"content":{"rendered":"\n<h3 class=\"wp-block-heading\">Les muntanyes cobreixen al voltant d&#8217;un 22% de la superf\u00edcie terrestre i tenen un paper fonamental en la vida de milions d&#8217;\u00e9ssers vius.<\/h3>\n\n\n\n<p>No nom\u00e9s proporciona aliment i benestar als 915 milions de persones que habiten les regions muntanyoses -aproximadament el 13% de la poblaci\u00f3 mundial-, sin\u00f3 que les muntanyes tamb\u00e9 beneficien als milers de milions que viuen a les planes.<\/p>\n\n\n\n<p>Aquest any, la celebraci\u00f3 se centra a ressaltar la import\u00e0ncia de les muntanyes pel que fa al Canvi Clim\u00e0tic, la fam i les seves migracions. A mesura que el clima global continua escalfant-se, les persones de muntanya -algunes de les m\u00e9s pobres del m\u00f3n- s&#8217;enfronten a lluites encara m\u00e9s grans per sobreviure. L&#8217;augment de les temperatures tamb\u00e9 significa que les glaceres de les muntanyes s&#8217;estan fonent a taxes sense precedents, que afecten els subministraments d&#8217;aigua dol\u00e7a aig\u00fces avall per a milions de persones. Les comunitats de muntanya, per\u00f2, tenen una gran quantitat de coneixements i estrat\u00e8gies acumulades durant generacions, sobre com adaptar-se a la variabilitat clim\u00e0tica.<\/p>\n\n\n\n<p><strong>Els pobladors muntanyencs exerceixen un paper fonamental en la gesti\u00f3 dels ecosistemes on viuen.<\/strong> Durant segles, han desenvolupat usos racionals del s\u00f2l, adaptacions al canvi clim\u00e0tic, i dietes aliment\u00e0ries tradicionals i productes que s\u00f3n \u00fanics i contribueixen a la biodiversitat del planeta.<\/p>\n\n\n\n<p>Respecta la natura, <strong>les muntanyes<\/strong> s\u00f3n un dels ecosistemes m\u00e9s importants perqu\u00e8 <strong>acullen una quarta part dels animals i plantes del Planeta.<\/strong><\/p>\n\n\n\n<p>Moltes esp\u00e8cies d&#8217;animals i sobretot de plantes, s&#8217;han adaptat a les extremes condicions de les Muntanyes, especialment de l&#8217;alta muntanya boreal. Esp\u00e8cies que, precisament per la seva alta especialitzaci\u00f3 en la forma de viure, estan greument amena\u00e7ades per aquest canvi clim\u00e0tic i per la pressi\u00f3 humana que els arracona.<\/p>\n\n\n\n<h3 class=\"wp-block-heading\">A Catalunya tamb\u00e9 ens urgeix al\u00e7ar la veu per reclamar que es deturin les agressions a les nostres muntanyes, com als Parcs Naturals del Cad\u00ed-Moixer\u00f3 i de l&#8217;Alt Pirineu dos dels Parcs Naturals m\u00e9s importants de casa nostra.<\/h3>\n\n\n\n<figure class=\"wp-block-image size-full\"><img loading=\"lazy\" decoding=\"async\" width=\"1024\" height=\"686\" src=\"https:\/\/wnature.org\/ca\/wp-content\/uploads\/XEVIVARELA_7616280416_678aea74f8_b.jpg\" alt=\"\" class=\"wp-image-453192\" \/><figcaption class=\"wp-element-caption\">Bosc de Pi negre i Avets al PN del Cad\u00ed-Moixer\u00f3. <a href=\"http:\/\/www.alamany.com\/\">\u00a9 www.alamany.com<\/a><\/figcaption><\/figure>\n\n\n\n<p><strong>Actualment, la Direcci\u00f3 General d&#8217;Urbanisme de la Generalitat de Catalunya, pret\u00e9n retallar considerablement aquest espai natural protegit<\/strong> en benefici de l&#8217;estaci\u00f3 d&#8217;esqu\u00ed de la Masella. Un fet sense precedents i inaceptable.<\/p>\n\n\n\n<p><strong>WORLD NATURE<\/strong> posa en marxa una <strong>campanya<\/strong> per denunciar aquest fet i exigir al Govern de la Generalitat de Catalunya <strong>que deturi aquesta proposta<\/strong> que considerem un fet molt greu en l&#8217;estrat\u00e8gia que hauria de seguir el nostre pa\u00eds en la conservaci\u00f3 dels nostres Parcs Naturals.<\/p>\n","protected":false},"excerpt":{"rendered":"<p>Les muntanyes cobreixen al voltant d&#8217;un 22% de la superf\u00edcie terrestre i tenen un paper fonamental en la vida de milions d&#8217;\u00e9ssers vius. M\u00e9s d&#8217;una quarta part dels animals i plantes dels Planeta viuen i s&#8217;han adaptat a les condicions, sovint extremes, de les muntanyes.<\/p>\n","protected":false},"author":2,"featured_media":0,"comment_status":"open","ping_status":"open","sticky":false,"template":"","format":"standard","meta":{"_seopress_robots_primary_cat":"","_seopress_titles_title":"","_seopress_titles_desc":"","_seopress_robots_index":"","footnotes":""},"categories":[53],"tags":[],"class_list":["post-27201","post","type-post","status-publish","format-standard","hentry","category-natura-mes-a-mes"],"_links":{"self":[{"href":"https:\/\/wnature.org\/ca\/wp-json\/wp\/v2\/posts\/27201","targetHints":{"allow":["GET"]}}],"collection":[{"href":"https:\/\/wnature.org\/ca\/wp-json\/wp\/v2\/posts"}],"about":[{"href":"https:\/\/wnature.org\/ca\/wp-json\/wp\/v2\/types\/post"}],"author":[{"embeddable":true,"href":"https:\/\/wnature.org\/ca\/wp-json\/wp\/v2\/users\/2"}],"replies":[{"embeddable":true,"href":"https:\/\/wnature.org\/ca\/wp-json\/wp\/v2\/comments?post=27201"}],"version-history":[{"count":0,"href":"https:\/\/wnature.org\/ca\/wp-json\/wp\/v2\/posts\/27201\/revisions"}],"wp:attachment":[{"href":"https:\/\/wnature.org\/ca\/wp-json\/wp\/v2\/media?parent=27201"}],"wp:term":[{"taxonomy":"category","embeddable":true,"href":"https:\/\/wnature.org\/ca\/wp-json\/wp\/v2\/categories?post=27201"},{"taxonomy":"post_tag","embeddable":true,"href":"https:\/\/wnature.org\/ca\/wp-json\/wp\/v2\/tags?post=27201"}],"curies":[{"name":"wp","href":"https:\/\/api.w.org\/{rel}","templated":true}]}}