{"id":25861,"date":"2017-06-20T12:52:58","date_gmt":"2017-06-20T10:52:58","guid":{"rendered":"https:\/\/wnature.org\/ca\/?p=25861"},"modified":"2024-02-04T16:35:59","modified_gmt":"2024-02-04T16:35:59","slug":"espais-publics-verds-funcionar-ciutat","status":"publish","type":"post","link":"https:\/\/wnature.org\/ca\/magazine\/editorial\/espais-publics-verds-funcionar-ciutat\/","title":{"rendered":"Com els espais p\u00fablics i verds fan funcionar una ciutat"},"content":{"rendered":"<h2 class=\"wp-block-heading\">Com els Espais Verds fan funcionar una ciutat<\/h2>\n\n<p><a href=\"http:\/\/en.wikipedia.org\/wiki\/Amanda_Burden\" target=\"_blank\" rel=\"noopener noreferrer\">Amanda Burden<\/a> \u00e9s exdirectora del Departament de Planificaci\u00f3 Urbana de Nova York i presidenta de la Comissi\u00f3 de Planificaci\u00f3 Urbana durant l&#8217;alcaldia de Michael Bloomberg, des d&#8217;on va treballar en promoure la revitalitzaci\u00f3 de Manhattan i millorar l&#8217;acc\u00e9s p\u00fablic al <em>waterfront<\/em> de Brooklyn, entre altres importants projectes que han millorat els espais p\u00fablics de Nova York en els \u00faltims anys.<\/p>\n\n<p>Quan la gent pensa en les ciutats, pensa en coses concretes. Pensa en edificis, carrers, gratacels i taxis sorollosos. Quan jo penso en les ciutats, penso en la gent. Principalment, les ciutats tenen a veure amb la gent: on va i on es reuneix est\u00e0 en l&#8217;ess\u00e8ncia del que fa que una ciutat funcioni. Aix\u00ed que, encara m\u00e9s importants que els edificis s\u00f3n els espais p\u00fablics entre ells. Avui dia, alguns dels canvis m\u00e9s transformadors de les ciutats es donen en els espais p\u00fablics. Per aix\u00f2 crec que els espais p\u00fablics alegres i agradables s\u00f3n essencials per planificar una gran ciutat. S\u00f3n els que li donen vida. Per\u00f2 qu\u00e8 fa que un espai p\u00fablic funcioni? Qu\u00e8 fa que certs espais p\u00fablics atreguin la gent i que altres se n&#8217;allunyin? Vaig pensar que si aconseguia contestar aquestes preguntes, podria fer una gran contribuci\u00f3 a la meva ciutat. Una de les coses m\u00e9s confuses sobre mi \u00e9s que s\u00f3c conductista d&#8217;animals, per\u00f2 no uso aquestes habilitats per analitzar el comportament animal, sin\u00f3 per estudiar com la gent utilitza els espais p\u00fablics de les ciutats.<\/p>\n\n<figure class=\"wp-block-image size-full\"><img loading=\"lazy\" decoding=\"async\" width=\"800\" height=\"600\" src=\"https:\/\/wnature.org\/ca\/wp-content\/uploads\/2016\/06\/Amanda-Burner-Ted-Talks.jpg\" alt class=\"wp-image-26695\" srcset=\"https:\/\/wnature.org\/ca\/wp-content\/uploads\/2016\/06\/Amanda-Burner-Ted-Talks.jpg 800w, https:\/\/wnature.org\/ca\/wp-content\/uploads\/2016\/06\/Amanda-Burner-Ted-Talks-300x225.jpg 300w, https:\/\/wnature.org\/ca\/wp-content\/uploads\/2016\/06\/Amanda-Burner-Ted-Talks-768x576.jpg 768w, https:\/\/wnature.org\/ca\/wp-content\/uploads\/2016\/06\/Amanda-Burner-Ted-Talks-600x450.jpg 600w\" sizes=\"auto, (max-width: 800px) 100vw, 800px\" \/><\/figure>\n\n<footer><cite>Amanda Burden<\/cite><\/footer>\n\n<p>En el disseny de les ciutats pren gran rellev\u00e0ncia els espais que interconnecten els elements que configuren una ciutat: els edificis, els carrers, les infraestructures, el medi f\u00edsic. Tenir cura dels elements interconnectors, dotar-los de funcionalitat i centrar-se en com els ciutadans usem i convivim amb aquests elements \u00e9s un proc\u00e9s clau alhora de fer ciutats amables, viscudes i saludables.<\/p>\n\n<p>L&#8217;interessant TED talks de la Sra. Burden \u00e9s l&#8217;an\u00e0lisi que fa de les q\u00fcestions claus alhora d&#8217;abordar els projectes de planificaci\u00f3 i usos de la ciutat. I especialment en qu\u00e8 es fixa ella i perqu\u00e8 creu qu\u00e8 \u00e9s essencial per obtenir ciutats on les persones hi visquin amb qualitat i facin, encara m\u00e9s, una ciutat saludable i resilent.<\/p>\n\n<p>Ens ha semblat molt oport\u00fa i interessant les experi\u00e8ncies i l&#8217;enfoc de la Sra. Burden. En aquest sentit WN participa del moviment <a href=\"http:\/\/biophiliccities.org\/\" target=\"_blank\" rel=\"noopener noreferrer\">&#8220;BiophilicCities&#8221;<\/a> integrat per arquitectes, urbanistes, ecol\u00f2ges, bi\u00f2legs, entre d&#8217;altres professionals i disciplines, que repensen com han de ser les ciutats del futur per esdevenir ciutats habitables i saludables, per com les ciutats no han de lluitar contra la natura sin\u00f3 com integrar aquesta i com ens beneficiem dels seus &#8220;serveis ambientals&#8221;.<\/p>\n\n<p>A WN vam posar en marxa, a la primavera del 2014, el projecte &#8220;Refugis WN de fauna i flora&#8221; com una experi\u00e8ncia de participaci\u00f3 ciutadana per fer m\u00e9s verdes les ciutats i afavaorir la seva biodiversitat. Col\u00b7locant elements senzills i fent actuacions de baix cost a casa de cadasc\u00fa de nosaltres, podem assolir tenir ciutats m\u00e9s habitables, saludables i, al mateix temps, afavorir la natura.<\/p>","protected":false},"excerpt":{"rendered":"<p>Amanda Burden \u00e9s exdirectora del Departament de Planificaci\u00f3 Urbana de Nova York i presidenta de la Comissi\u00f3 de Planificaci\u00f3 Urbana durant l&#8217;alcaldia de Michael Bloomberg, des d&#8217;on va treballar en promoure la revitalitzaci\u00f3 de Manhattan i millorar l&#8217;acc\u00e9s p\u00fablic al waterfront de Brooklyn, entre altres importants projectes que han millorat els espais p\u00fablics de Nova York en els \u00faltims anys.<\/p>\n","protected":false},"author":2,"featured_media":26695,"comment_status":"open","ping_status":"open","sticky":false,"template":"","format":"standard","meta":{"_seopress_robots_primary_cat":"","_seopress_titles_title":"","_seopress_titles_desc":"","_seopress_robots_index":"","footnotes":""},"categories":[55],"tags":[],"class_list":["post-25861","post","type-post","status-publish","format-standard","has-post-thumbnail","hentry","category-editorial"],"_links":{"self":[{"href":"https:\/\/wnature.org\/ca\/wp-json\/wp\/v2\/posts\/25861","targetHints":{"allow":["GET"]}}],"collection":[{"href":"https:\/\/wnature.org\/ca\/wp-json\/wp\/v2\/posts"}],"about":[{"href":"https:\/\/wnature.org\/ca\/wp-json\/wp\/v2\/types\/post"}],"author":[{"embeddable":true,"href":"https:\/\/wnature.org\/ca\/wp-json\/wp\/v2\/users\/2"}],"replies":[{"embeddable":true,"href":"https:\/\/wnature.org\/ca\/wp-json\/wp\/v2\/comments?post=25861"}],"version-history":[{"count":0,"href":"https:\/\/wnature.org\/ca\/wp-json\/wp\/v2\/posts\/25861\/revisions"}],"wp:featuredmedia":[{"embeddable":true,"href":"https:\/\/wnature.org\/ca\/wp-json\/wp\/v2\/media\/26695"}],"wp:attachment":[{"href":"https:\/\/wnature.org\/ca\/wp-json\/wp\/v2\/media?parent=25861"}],"wp:term":[{"taxonomy":"category","embeddable":true,"href":"https:\/\/wnature.org\/ca\/wp-json\/wp\/v2\/categories?post=25861"},{"taxonomy":"post_tag","embeddable":true,"href":"https:\/\/wnature.org\/ca\/wp-json\/wp\/v2\/tags?post=25861"}],"curies":[{"name":"wp","href":"https:\/\/api.w.org\/{rel}","templated":true}]}}