{"id":23374,"date":"2015-05-22T07:51:12","date_gmt":"2015-05-22T05:51:12","guid":{"rendered":"https:\/\/wnature.org\/ca\/?p=23374"},"modified":"2024-05-04T17:26:50","modified_gmt":"2024-05-04T16:26:50","slug":"dia-mundial-de-la-biodiversitat","status":"publish","type":"post","link":"https:\/\/wnature.org\/ca\/magazine\/noticies-natura\/dia-mundial-de-la-biodiversitat\/","title":{"rendered":"Dia Mundial de la Biodiversitat"},"content":{"rendered":"<h1>DIA MUNDIAL DE LA BIODIVERSITAT<\/h1>\n<h3 style=\"text-align: justify\">El tema d&#8217;aquest any reflecteix la import\u00e0ncia dels esfor\u00e7os realitzats en tots els nivells per establir un conjunt d\u2019Objectius de Desenvolupament Sostenible (ODS), com a part de l\u2019Agenda de les Nacions Unides (ONU).<\/h3>\n<h3 style=\"text-align: justify\">La Declaraci\u00f3 de Gangwon, en la Confer\u00e8ncia de les parts del Conveni sobre la Diversitat Biol\u00f2gica (CDB) de l\u2019ONU, va acollir amb satisfacci\u00f3 la import\u00e0ncia que es d\u00f3na a la biodiversitat en el document final del Grup de Treball per assolir els Objectius del Desenvolupament Sostenible i va demanar una major integraci\u00f3 i incorporaci\u00f3 de la biodiversitat en l&#8217;Agenda del Desenvolupament Post-2015 (2015-2030).<\/h3>\n<p style=\"text-align: justify\"><strong>Celebrem el Dia Mundial de la Biodiversitat com un acte per reivindicar la nostra causa i el gran repte que tenim: Conservar la Natura.<\/strong><\/p>\n<p style=\"text-align: justify\">Sense Natura de qualitat no hi ha futur per a l\u2019esp\u00e8cie Humana, ni per moltes altres esp\u00e8cies amb les que compartim el Planeta.<\/p>\n<p style=\"text-align: justify\">La Natura \u00e9s casa nostra, la matriu que ens sustenta. Tenir cura de la Natura \u00e9s una prioritat de la nostra civilitzaci\u00f3. Hi ha moltes maneres per assolir aquest objectiu, els Parcs Naturals han estat una de les eines m\u00e9s importants, per\u00f2 el seu concepte ha d\u2019evolucionar i, especialment a Catalunya, hem de produir un canvi profund en la seva gesti\u00f3 i concepci\u00f3.<\/p>\n<p style=\"text-align: justify\">Per\u00f2 la conservaci\u00f3 de la Biodiversitat, \u00e9s a dir de les diferents esp\u00e8cies que habiten al Planeta \u00e9s una tasca que concerneix a tot al Planeta, des de les \u00e0rees naturals fins a les zones urbanitzades. A tot arreu hi viuen esp\u00e8cies que requereixen la nostra atenci\u00f3 i acci\u00f3.<\/p>\n<p style=\"text-align: justify\"><strong>Dia Mundial de la Biodiversitat: Biodiversitat i Desenvolupament Sostenible<\/strong><\/p>\n<p style=\"text-align: justify\">Aquest any l\u2019ONU ha volgut relacionar el Dia Mundial de la Biodiversitat amb el Desenvolupament Sostenible. Aquest concepte tant utilitzat avui en dia i, fins hi tot tant maltractat, encara \u00e9s per\u00f2 un premisa b\u00e0sica. Si el nostre desenvolupament hum\u00e0 no es fa d&#8217;acord amb la idea que em de consumir recursos naturals sense exhaurir-los i que hem de compatir el Planeta amb la resta d\u2019\u00e9sser vius, que d\u2019altra banda, possibiliten l\u2019equilibri ecol\u00f2gic perqu\u00e8 tots poguem viure, sense un altre desenvolupament diferent a l\u2019actual que ens porta al desastre, no ens sortirem.<\/p>\n<p style=\"text-align: justify\">Algunes dades per reflexionar:<\/p>\n<ul>\n<li>70% dels pobres del m\u00f3n viuen en zones rurals i depenen directament de la Biodiversitat per sobreviure.<\/li>\n<li>La varietat i abund\u00e0ncia d&#8217;esp\u00e8cies s&#8217;ha redu\u00eft un 40% entre 1970 i 2000.<\/li>\n<li>El consum insostenible segueix i la demanda de recursos a tot el m\u00f3n excedeix la capacitat biol\u00f2gica de la Terra en un 20%.<\/li>\n<\/ul>\n<p style=\"text-align: justify\"><strong>Comencem per casa?<\/strong><\/p>\n<p style=\"text-align: justify\">La millor manera de redre\u00e7ar una situaci\u00f3 tan dif\u00edcil, es fen petits passos com a ciutadans, cadasc\u00fa des de les seves possibilitats i condicions, per\u00f2 fer-los. Comenceu per casa. Segurament molts de vosltres ja recicleu, estalvieu aigua i energia. Ara comenceu pel vostre balc\u00f3, el terrat, el jard\u00ed. Convertiu-lo en un Refugi de fauna i flora. Permeteu que la Natura entri a casa vostra, al vostre rac\u00f3 verd, sigui un petit balc\u00f3 on plantar-hi flors per les papallones, o un terrassa on posar menjar per ocells a l\u2019hivern, o una caixa-niu al jard\u00ed tant si s\u00f3n per ocells com per rat-penats. Nosaltres us ensenyem com fer-ho. Participeu al nostre <a href=\"https:\/\/wnature.org\/ca\/ca\/magazine\/natura-a-casa\/posa-caixa-niu-casa-teva\/\">Projecte de Refugis WN de fauna i flora<\/a> i comenceu a actuar des d\u2019avui.<\/p>\n<p style=\"text-align: justify\"><strong>Ciutats i Natura, un repte per a la Biodiversitat<\/strong><\/p>\n<p style=\"text-align: justify\">A World Nature aquest any volem posar l\u2019\u00e8mfasi en la import\u00e0ncia d ela Biodiversitat propera i moltes vegades ignorada. I no pas perqu\u00e8 no sigui important o priorit\u00e0ria, sin\u00f3 perqu\u00e8 moltes vegades pensem que la flora i la fauna estan als Parcs Nai \u00e0rees naturals, per\u00f2 no \u00e9s aix\u00ed ben b\u00e9. \u00c9s veritat que els grans animals i els grans boscos necessiten de grans \u00e0rees naturals com el l\u2019\u00d3s bru, o les balenes, per\u00f2 existeixen milers de petits animalons i plantes que conviuen, molt a prop nostre i que tamb\u00e9 pateixen problemes greus, com les abelles o les papallones i fins-hi tot a les grans ciutats el Pardal com\u00fa.<\/p>\n<p style=\"text-align: justify\">D\u2019aqu\u00ed al 2025 la poblaci\u00f3 humana creixer\u00e0 fins assolir entre els 9mil o 11mil milions d\u2019habitants. La majoria d\u2019aquestes persones viuran a les ciutats. Les ciutats hauran de cr\u00e9ixer i depredar territori salvatge. Per\u00f2 podem construir ciutats amables i permeables amb la natura. Un nou urbanisme, una nova arquitectura, un nou concepte de ciutat est\u00e0 naixent per permetre una desitjable relaci\u00f3 entre natura i ciutat. Hi come\u00e7a haver-hi molts exemples en diferents ciutats del m\u00f3n i aix\u00f2 passa per assolir un veritable desenvolupament sostenible.<\/p>\n<p style=\"text-align: justify\"><strong>Participa ara.<\/strong><\/p>\n<p style=\"text-align: justify\"><a href=\"https:\/\/wnature.org\/ca\/ca\/fes-te-membre\/\">Tu ets molt important per Consrervar la Natura i la seva Biodiversitat.<\/a> Amb petites accions des de casa teva pots fer moltes coses.<\/p>\n<p>Comparteix-ho a les teves Xarxes Socials i ajuda&#8217;ns a difondre el nostre treball per la Natura. Gr\u00e0cies.<\/p>\n<p>Facebook<br \/>\nGoogle+<br \/>\nTwitter<br \/>\nPinterest<br \/>\nLinkedIn<br \/>\nEmail<\/p>\n","protected":false},"excerpt":{"rendered":"<p>DIA MUNDIAL DE LA BIODIVERSITAT El tema d&#8217;aquest any reflecteix la import\u00e0ncia dels esfor\u00e7os realitzats en tots els nivells per establir un conjunt d\u2019Objectius de Desenvolupament Sostenible (ODS), com a part de l\u2019Agenda de les Nacions Unides (ONU). La Declaraci\u00f3 de Gangwon, en la Confer\u00e8ncia de les parts del Conveni sobre la Diversitat Biol\u00f2gica (CDB) [&hellip;]<\/p>\n","protected":false},"author":2,"featured_media":0,"comment_status":"open","ping_status":"open","sticky":false,"template":"","format":"standard","meta":{"_seopress_robots_primary_cat":"","_seopress_titles_title":"","_seopress_titles_desc":"","_seopress_robots_index":"","footnotes":""},"categories":[53],"tags":[],"class_list":["post-23374","post","type-post","status-publish","format-standard","hentry","category-natura-mes-a-mes"],"_links":{"self":[{"href":"https:\/\/wnature.org\/ca\/wp-json\/wp\/v2\/posts\/23374","targetHints":{"allow":["GET"]}}],"collection":[{"href":"https:\/\/wnature.org\/ca\/wp-json\/wp\/v2\/posts"}],"about":[{"href":"https:\/\/wnature.org\/ca\/wp-json\/wp\/v2\/types\/post"}],"author":[{"embeddable":true,"href":"https:\/\/wnature.org\/ca\/wp-json\/wp\/v2\/users\/2"}],"replies":[{"embeddable":true,"href":"https:\/\/wnature.org\/ca\/wp-json\/wp\/v2\/comments?post=23374"}],"version-history":[{"count":0,"href":"https:\/\/wnature.org\/ca\/wp-json\/wp\/v2\/posts\/23374\/revisions"}],"wp:attachment":[{"href":"https:\/\/wnature.org\/ca\/wp-json\/wp\/v2\/media?parent=23374"}],"wp:term":[{"taxonomy":"category","embeddable":true,"href":"https:\/\/wnature.org\/ca\/wp-json\/wp\/v2\/categories?post=23374"},{"taxonomy":"post_tag","embeddable":true,"href":"https:\/\/wnature.org\/ca\/wp-json\/wp\/v2\/tags?post=23374"}],"curies":[{"name":"wp","href":"https:\/\/api.w.org\/{rel}","templated":true}]}}